{"id":42115,"date":"2019-08-10T16:09:56","date_gmt":"2019-08-10T10:24:56","guid":{"rendered":"https:\/\/www.ultratourmonterosa.com\/europaweg-neue-routen-von-graechen-zur-europahuette\/"},"modified":"2019-08-10T16:09:56","modified_gmt":"2019-08-10T10:24:56","slug":"europaweg-neue-routen-von-graechen-zur-europahuette","status":"publish","type":"post","link":"https:\/\/www.ultratourmonterosa.com\/de\/europaweg-neue-routen-von-graechen-zur-europahuette\/","title":{"rendered":"Europaweg neue Routen von Gr\u00e4chen zur Europah\u00fctte"},"content":{"rendered":"<p><a class=\"single_photoswipe\" href=\"https:\/\/www.ultratourmonterosa.com\/wp-content\/uploads\/2019\/08\/europaweg_grachen_europahutte2.jpg\" data-size=\"1655x935\" data-lbwps-width=\"1655\" data-lbwps-height=\"935\" data-lbwps-srcsmall=\"https:\/\/www.ultratourmonterosa.com\/wp-content\/uploads\/2019\/08\/europaweg_grachen_europahutte2.jpg\"><img loading=\"lazy\" decoding=\"async\" class=\"aligncenter wp-image-35254\" src=\"https:\/\/www.ultratourmonterosa.com\/wp-content\/uploads\/2019\/08\/europaweg_grachen_europahutte2.jpg\" alt=\"Karte der neuen europaweg-Route\" width=\"720\" height=\"407\" srcset=\"https:\/\/www.ultratourmonterosa.com\/wp-content\/uploads\/2019\/08\/europaweg_grachen_europahutte2.jpg 1655w, https:\/\/www.ultratourmonterosa.com\/wp-content\/uploads\/2019\/08\/europaweg_grachen_europahutte2-300x169.jpg 300w, https:\/\/www.ultratourmonterosa.com\/wp-content\/uploads\/2019\/08\/europaweg_grachen_europahutte2-768x434.jpg 768w, https:\/\/www.ultratourmonterosa.com\/wp-content\/uploads\/2019\/08\/europaweg_grachen_europahutte2-1024x579.jpg 1024w, https:\/\/www.ultratourmonterosa.com\/wp-content\/uploads\/2019\/08\/europaweg_grachen_europahutte2-100x56.jpg 100w, https:\/\/www.ultratourmonterosa.com\/wp-content\/uploads\/2019\/08\/europaweg_grachen_europahutte2-70x40.jpg 70w, https:\/\/www.ultratourmonterosa.com\/wp-content\/uploads\/2019\/08\/europaweg_grachen_europahutte2-124x70.jpg 124w, https:\/\/www.ultratourmonterosa.com\/wp-content\/uploads\/2019\/08\/europaweg_grachen_europahutte2-50x28.jpg 50w, https:\/\/www.ultratourmonterosa.com\/wp-content\/uploads\/2019\/08\/europaweg_grachen_europahutte2-89x50.jpg 89w, https:\/\/www.ultratourmonterosa.com\/wp-content\/uploads\/2019\/08\/europaweg_grachen_europahutte2-200x113.jpg 200w\" sizes=\"auto, (max-width: 720px) 100vw, 720px\" \/><\/a><\/p>\n<p><a href=\"https:\/\/www.graechenberglauf.ch\/europaweg\/\" target=\"_blank\" rel=\"noopener noreferrer\">https:\/\/www.graechenberglauf.ch\/europaweg\/<\/a><\/p>\n<h3 class=\"mbr-title align-center mbr-fonts-style mbr-bold mbr-white display-2\">Der Europaweg von Gr\u00e4chen zur Europah\u00fctte hat sich seit August 2018 ver\u00e4ndert. Eine neue Route wurde im Juni 2019 er\u00f6ffnet.<\/h3>\n<h3 class=\"mbr-x-subtitle align-center mbr-light mbr-fonts-style mbr-white display-5\"><em>Die neue Route hat zwei Varianten, eine h\u00e4rtere und eine leichtere. <\/em><\/h3>\n<p class=\"mbr-text align-center mbr-fonts-style mbr-white mbr-bold display-5\">Alle folgenden Informationen dienen nur als Referenz und sind ohne Gew\u00e4hr!<\/p>\n<h3 class=\"mbr-fonts-style mbr-x-title mbr-light display-2\">Variante eins<\/h3>\n<p class=\"mbr-text mbr-fonts-style display-7\"><strong>Erster Spaziergang aus Grachen heraus nach S\u00fcden auf dem Weg nach Herbriggen.<\/strong><br \/>\nEs ist angenehm, entlang der <span class=\"removed_link\" title=\"https:\/\/www.graechen.ch\/Sommer-Herbst-erleben\/Wasser-Erlebnisse\/Suonen-Wasserleiten-in-Graechen\">Wasserleitungen<\/span> zu gehen, anstatt auf der gepflasterten Stra\u00dfe \/ dem gepflasterten Weg nach Gasenried. Wenn Sie sich Mattsand n\u00e4hern, haben Sie die Wahl, der Variante eins oder zwei zu folgen.<br \/>\nVariante eins ist mit erheblichem Aufwand verbunden. Der Weg ist ziemlich schmal, mit viel Auf- und Abstieg, bevor er steil ansteigt (1300 m), um die alte Route des Europawegs mit tollen Aussichten zu erreichen. Im Juli und Anfang August gibt es auf der Strecke Wasserquellen.<\/p>\n<h3 class=\"mbr-fonts-style mbr-x-title mbr-light display-2\">Variante zwei<\/h3>\n<p class=\"mbr-text mbr-fonts-style display-7\"><strong>Variante zwei f\u00fcgt ein angenehmes flaches x auf dem Talboden hinzu!<\/strong>  Sie k\u00f6nnen auf einfachen, flachen Wegen gut vorankommen und gleichzeitig die Pracht des Tals um Sie herum genie\u00dfen.<\/p>\n<p>Der Aufstieg von Randa zur Europah\u00fctte ist etwa 900 m auf einem gut ausgebauten und markierten Weg. Es ist einfacher als Variante eins. Sie vermisst einige der Ausblicke und das Hochgebirgsgef\u00fchl des alten Europawegs, aber die Aussicht von der Terrasse der Europah\u00fctte bleibt au\u00dfergew\u00f6hnlich.<\/p>\n<p>Siehe <a href=\"https:\/\/www.graechenberglauf.ch\/europaweg\/\" target=\"_blank\" rel=\"noopener noreferrer\">https:\/\/www.graechenberglauf.ch\/europaweg\/<\/a> f\u00fcr weitere Informationen einschlie\u00dflich gps-Tracks.<\/p>\n","protected":false},"excerpt":{"rendered":"<p>https:\/\/www.graechenberglauf.ch\/europaweg\/ Der Europaweg von Gr\u00e4chen zur Europah\u00fctte hat sich seit August 2018 ver\u00e4ndert. Eine neue Route wurde im Juni 2019 er\u00f6ffnet. Die neue Route hat zwei Varianten, eine h\u00e4rtere und eine leichtere. Alle folgenden Informationen dienen nur als Referenz und sind ohne Gew\u00e4hr! Variante eins Erster Spaziergang aus Grachen heraus nach S\u00fcden auf dem Weg [&hellip;]<\/p>\n","protected":false},"author":5,"featured_media":0,"comment_status":"open","ping_status":"open","sticky":false,"template":"","format":"standard","meta":{"_acf_changed":false,"jetpack_post_was_ever_published":false,"_jetpack_newsletter_access":"","_jetpack_dont_email_post_to_subs":false,"_jetpack_newsletter_tier_id":0,"_jetpack_memberships_contains_paywalled_content":false,"_jetpack_memberships_contains_paid_content":false,"footnotes":"","_wp_rev_ctl_limit":""},"categories":[57],"tags":[],"class_list":["post-42115","post","type-post","status-publish","format-standard","hentry","category-blog-de"],"acf":[],"yoast_head":"<!-- This site is optimized with the Yoast SEO plugin v27.5 - https:\/\/yoast.com\/product\/yoast-seo-wordpress\/ -->\n<title>Europaweg neue Routen von Gr\u00e4chen zur Europah\u00fctte - Ultra Tour Monte Rosa<\/title>\n<meta name=\"robots\" content=\"index, follow, max-snippet:-1, max-image-preview:large, max-video-preview:-1\" \/>\n<link rel=\"canonical\" href=\"https:\/\/www.ultratourmonterosa.com\/de\/europaweg-neue-routen-von-graechen-zur-europahuette\/\" \/>\n<meta property=\"og:locale\" content=\"de_DE\" \/>\n<meta property=\"og:type\" content=\"article\" \/>\n<meta property=\"og:title\" content=\"Europaweg neue Routen von Gr\u00e4chen zur Europah\u00fctte - Ultra Tour Monte Rosa\" \/>\n<meta property=\"og:description\" content=\"https:\/\/www.graechenberglauf.ch\/europaweg\/ Der Europaweg von Gr\u00e4chen zur Europah\u00fctte hat sich seit August 2018 ver\u00e4ndert. Eine neue Route wurde im Juni 2019 er\u00f6ffnet. Die neue Route hat zwei Varianten, eine h\u00e4rtere und eine leichtere. Alle folgenden Informationen dienen nur als Referenz und sind ohne Gew\u00e4hr! Variante eins Erster Spaziergang aus Grachen heraus nach S\u00fcden auf dem Weg [&hellip;]\" \/>\n<meta property=\"og:url\" content=\"https:\/\/www.ultratourmonterosa.com\/de\/europaweg-neue-routen-von-graechen-zur-europahuette\/\" \/>\n<meta property=\"og:site_name\" content=\"Ultra Tour Monte Rosa\" \/>\n<meta property=\"article:publisher\" content=\"https:\/\/www.facebook.com\/UltraTourMonteRosa\/\" \/>\n<meta property=\"article:published_time\" content=\"2019-08-10T10:24:56+00:00\" \/>\n<meta property=\"og:image\" content=\"https:\/\/www.ultratourmonterosa.com\/wp-content\/uploads\/2019\/08\/europaweg_grachen_europahutte2.jpg\" \/>\n<meta name=\"author\" content=\"UTMR Admin\" \/>\n<meta name=\"twitter:card\" content=\"summary_large_image\" \/>\n<meta name=\"twitter:creator\" content=\"@UltraMonteRosa\" \/>\n<meta name=\"twitter:site\" content=\"@UltraMonteRosa\" \/>\n<meta name=\"twitter:label1\" content=\"Verfasst von\" \/>\n\t<meta name=\"twitter:data1\" content=\"UTMR Admin\" \/>\n\t<meta name=\"twitter:label2\" content=\"Gesch\u00e4tzte Lesezeit\" \/>\n\t<meta name=\"twitter:data2\" content=\"1\u00a0Minute\" \/>\n<script type=\"application\/ld+json\" class=\"yoast-schema-graph\">{\"@context\":\"https:\\\/\\\/schema.org\",\"@graph\":[{\"@type\":\"Article\",\"@id\":\"https:\\\/\\\/www.ultratourmonterosa.com\\\/de\\\/europaweg-neue-routen-von-graechen-zur-europahuette\\\/#article\",\"isPartOf\":{\"@id\":\"https:\\\/\\\/www.ultratourmonterosa.com\\\/de\\\/europaweg-neue-routen-von-graechen-zur-europahuette\\\/\"},\"author\":{\"name\":\"UTMR Admin\",\"@id\":\"https:\\\/\\\/www.ultratourmonterosa.com\\\/#\\\/schema\\\/person\\\/0e956cc597b5277039bcc6b448dea1ab\"},\"headline\":\"Europaweg neue Routen von Gr\u00e4chen zur Europah\u00fctte\",\"datePublished\":\"2019-08-10T10:24:56+00:00\",\"mainEntityOfPage\":{\"@id\":\"https:\\\/\\\/www.ultratourmonterosa.com\\\/de\\\/europaweg-neue-routen-von-graechen-zur-europahuette\\\/\"},\"wordCount\":250,\"commentCount\":0,\"publisher\":{\"@id\":\"https:\\\/\\\/www.ultratourmonterosa.com\\\/#organization\"},\"image\":{\"@id\":\"https:\\\/\\\/www.ultratourmonterosa.com\\\/de\\\/europaweg-neue-routen-von-graechen-zur-europahuette\\\/#primaryimage\"},\"thumbnailUrl\":\"https:\\\/\\\/www.ultratourmonterosa.com\\\/wp-content\\\/uploads\\\/2019\\\/08\\\/europaweg_grachen_europahutte2.jpg\",\"articleSection\":[\"Blog\"],\"inLanguage\":\"de\",\"potentialAction\":[{\"@type\":\"CommentAction\",\"name\":\"Comment\",\"target\":[\"https:\\\/\\\/www.ultratourmonterosa.com\\\/de\\\/europaweg-neue-routen-von-graechen-zur-europahuette\\\/#respond\"]}]},{\"@type\":\"WebPage\",\"@id\":\"https:\\\/\\\/www.ultratourmonterosa.com\\\/de\\\/europaweg-neue-routen-von-graechen-zur-europahuette\\\/\",\"url\":\"https:\\\/\\\/www.ultratourmonterosa.com\\\/de\\\/europaweg-neue-routen-von-graechen-zur-europahuette\\\/\",\"name\":\"Europaweg neue Routen von Gr\u00e4chen zur Europah\u00fctte - Ultra Tour Monte Rosa\",\"isPartOf\":{\"@id\":\"https:\\\/\\\/www.ultratourmonterosa.com\\\/#website\"},\"primaryImageOfPage\":{\"@id\":\"https:\\\/\\\/www.ultratourmonterosa.com\\\/de\\\/europaweg-neue-routen-von-graechen-zur-europahuette\\\/#primaryimage\"},\"image\":{\"@id\":\"https:\\\/\\\/www.ultratourmonterosa.com\\\/de\\\/europaweg-neue-routen-von-graechen-zur-europahuette\\\/#primaryimage\"},\"thumbnailUrl\":\"https:\\\/\\\/www.ultratourmonterosa.com\\\/wp-content\\\/uploads\\\/2019\\\/08\\\/europaweg_grachen_europahutte2.jpg\",\"datePublished\":\"2019-08-10T10:24:56+00:00\",\"breadcrumb\":{\"@id\":\"https:\\\/\\\/www.ultratourmonterosa.com\\\/de\\\/europaweg-neue-routen-von-graechen-zur-europahuette\\\/#breadcrumb\"},\"inLanguage\":\"de\",\"potentialAction\":[{\"@type\":\"ReadAction\",\"target\":[\"https:\\\/\\\/www.ultratourmonterosa.com\\\/de\\\/europaweg-neue-routen-von-graechen-zur-europahuette\\\/\"]}]},{\"@type\":\"ImageObject\",\"inLanguage\":\"de\",\"@id\":\"https:\\\/\\\/www.ultratourmonterosa.com\\\/de\\\/europaweg-neue-routen-von-graechen-zur-europahuette\\\/#primaryimage\",\"url\":\"https:\\\/\\\/www.ultratourmonterosa.com\\\/wp-content\\\/uploads\\\/2019\\\/08\\\/europaweg_grachen_europahutte2.jpg\",\"contentUrl\":\"https:\\\/\\\/www.ultratourmonterosa.com\\\/wp-content\\\/uploads\\\/2019\\\/08\\\/europaweg_grachen_europahutte2.jpg\"},{\"@type\":\"BreadcrumbList\",\"@id\":\"https:\\\/\\\/www.ultratourmonterosa.com\\\/de\\\/europaweg-neue-routen-von-graechen-zur-europahuette\\\/#breadcrumb\",\"itemListElement\":[{\"@type\":\"ListItem\",\"position\":1,\"name\":\"Home\",\"item\":\"https:\\\/\\\/www.ultratourmonterosa.com\\\/de\\\/\"},{\"@type\":\"ListItem\",\"position\":2,\"name\":\"Europaweg neue Routen von Gr\u00e4chen zur Europah\u00fctte\"}]},{\"@type\":\"WebSite\",\"@id\":\"https:\\\/\\\/www.ultratourmonterosa.com\\\/#website\",\"url\":\"https:\\\/\\\/www.ultratourmonterosa.com\\\/\",\"name\":\"Ultra Tour Monte Rosa\",\"description\":\"3-6 September 2025\",\"publisher\":{\"@id\":\"https:\\\/\\\/www.ultratourmonterosa.com\\\/#organization\"},\"potentialAction\":[{\"@type\":\"SearchAction\",\"target\":{\"@type\":\"EntryPoint\",\"urlTemplate\":\"https:\\\/\\\/www.ultratourmonterosa.com\\\/?s={search_term_string}\"},\"query-input\":{\"@type\":\"PropertyValueSpecification\",\"valueRequired\":true,\"valueName\":\"search_term_string\"}}],\"inLanguage\":\"de\"},{\"@type\":\"Organization\",\"@id\":\"https:\\\/\\\/www.ultratourmonterosa.com\\\/#organization\",\"name\":\"Ultra Tour Monte Rosa\",\"url\":\"https:\\\/\\\/www.ultratourmonterosa.com\\\/\",\"logo\":{\"@type\":\"ImageObject\",\"inLanguage\":\"de\",\"@id\":\"https:\\\/\\\/www.ultratourmonterosa.com\\\/#\\\/schema\\\/logo\\\/image\\\/\",\"url\":\"https:\\\/\\\/www.ultratourmonterosa.com\\\/wp-content\\\/uploads\\\/2024\\\/09\\\/UTMR-logo-300px-1.png\",\"contentUrl\":\"https:\\\/\\\/www.ultratourmonterosa.com\\\/wp-content\\\/uploads\\\/2024\\\/09\\\/UTMR-logo-300px-1.png\",\"width\":300,\"height\":300,\"caption\":\"Ultra Tour Monte Rosa\"},\"image\":{\"@id\":\"https:\\\/\\\/www.ultratourmonterosa.com\\\/#\\\/schema\\\/logo\\\/image\\\/\"},\"sameAs\":[\"https:\\\/\\\/www.facebook.com\\\/UltraTourMonteRosa\\\/\",\"https:\\\/\\\/x.com\\\/UltraMonteRosa\"]},{\"@type\":\"Person\",\"@id\":\"https:\\\/\\\/www.ultratourmonterosa.com\\\/#\\\/schema\\\/person\\\/0e956cc597b5277039bcc6b448dea1ab\",\"name\":\"UTMR Admin\",\"image\":{\"@type\":\"ImageObject\",\"inLanguage\":\"de\",\"@id\":\"https:\\\/\\\/secure.gravatar.com\\\/avatar\\\/7c8211024821aca17cf494b3b4004ffb438ada146e9060e60670e3eecab30d44?s=96&d=mm&r=g\",\"url\":\"https:\\\/\\\/secure.gravatar.com\\\/avatar\\\/7c8211024821aca17cf494b3b4004ffb438ada146e9060e60670e3eecab30d44?s=96&d=mm&r=g\",\"contentUrl\":\"https:\\\/\\\/secure.gravatar.com\\\/avatar\\\/7c8211024821aca17cf494b3b4004ffb438ada146e9060e60670e3eecab30d44?s=96&d=mm&r=g\",\"caption\":\"UTMR Admin\"},\"url\":\"https:\\\/\\\/www.ultratourmonterosa.com\\\/de\\\/author\\\/rpb\\\/\"}]}<\/script>\n<!-- \/ Yoast SEO plugin. -->","yoast_head_json":{"title":"Europaweg neue Routen von Gr\u00e4chen zur Europah\u00fctte - Ultra Tour Monte Rosa","robots":{"index":"index","follow":"follow","max-snippet":"max-snippet:-1","max-image-preview":"max-image-preview:large","max-video-preview":"max-video-preview:-1"},"canonical":"https:\/\/www.ultratourmonterosa.com\/de\/europaweg-neue-routen-von-graechen-zur-europahuette\/","og_locale":"de_DE","og_type":"article","og_title":"Europaweg neue Routen von Gr\u00e4chen zur Europah\u00fctte - Ultra Tour Monte Rosa","og_description":"https:\/\/www.graechenberglauf.ch\/europaweg\/ Der Europaweg von Gr\u00e4chen zur Europah\u00fctte hat sich seit August 2018 ver\u00e4ndert. Eine neue Route wurde im Juni 2019 er\u00f6ffnet. Die neue Route hat zwei Varianten, eine h\u00e4rtere und eine leichtere. Alle folgenden Informationen dienen nur als Referenz und sind ohne Gew\u00e4hr! Variante eins Erster Spaziergang aus Grachen heraus nach S\u00fcden auf dem Weg [&hellip;]","og_url":"https:\/\/www.ultratourmonterosa.com\/de\/europaweg-neue-routen-von-graechen-zur-europahuette\/","og_site_name":"Ultra Tour Monte Rosa","article_publisher":"https:\/\/www.facebook.com\/UltraTourMonteRosa\/","article_published_time":"2019-08-10T10:24:56+00:00","og_image":[{"url":"https:\/\/www.ultratourmonterosa.com\/wp-content\/uploads\/2019\/08\/europaweg_grachen_europahutte2.jpg","type":"","width":"","height":""}],"author":"UTMR Admin","twitter_card":"summary_large_image","twitter_creator":"@UltraMonteRosa","twitter_site":"@UltraMonteRosa","twitter_misc":{"Verfasst von":"UTMR Admin","Gesch\u00e4tzte Lesezeit":"1\u00a0Minute"},"schema":{"@context":"https:\/\/schema.org","@graph":[{"@type":"Article","@id":"https:\/\/www.ultratourmonterosa.com\/de\/europaweg-neue-routen-von-graechen-zur-europahuette\/#article","isPartOf":{"@id":"https:\/\/www.ultratourmonterosa.com\/de\/europaweg-neue-routen-von-graechen-zur-europahuette\/"},"author":{"name":"UTMR Admin","@id":"https:\/\/www.ultratourmonterosa.com\/#\/schema\/person\/0e956cc597b5277039bcc6b448dea1ab"},"headline":"Europaweg neue Routen von Gr\u00e4chen zur Europah\u00fctte","datePublished":"2019-08-10T10:24:56+00:00","mainEntityOfPage":{"@id":"https:\/\/www.ultratourmonterosa.com\/de\/europaweg-neue-routen-von-graechen-zur-europahuette\/"},"wordCount":250,"commentCount":0,"publisher":{"@id":"https:\/\/www.ultratourmonterosa.com\/#organization"},"image":{"@id":"https:\/\/www.ultratourmonterosa.com\/de\/europaweg-neue-routen-von-graechen-zur-europahuette\/#primaryimage"},"thumbnailUrl":"https:\/\/www.ultratourmonterosa.com\/wp-content\/uploads\/2019\/08\/europaweg_grachen_europahutte2.jpg","articleSection":["Blog"],"inLanguage":"de","potentialAction":[{"@type":"CommentAction","name":"Comment","target":["https:\/\/www.ultratourmonterosa.com\/de\/europaweg-neue-routen-von-graechen-zur-europahuette\/#respond"]}]},{"@type":"WebPage","@id":"https:\/\/www.ultratourmonterosa.com\/de\/europaweg-neue-routen-von-graechen-zur-europahuette\/","url":"https:\/\/www.ultratourmonterosa.com\/de\/europaweg-neue-routen-von-graechen-zur-europahuette\/","name":"Europaweg neue Routen von Gr\u00e4chen zur Europah\u00fctte - Ultra Tour Monte Rosa","isPartOf":{"@id":"https:\/\/www.ultratourmonterosa.com\/#website"},"primaryImageOfPage":{"@id":"https:\/\/www.ultratourmonterosa.com\/de\/europaweg-neue-routen-von-graechen-zur-europahuette\/#primaryimage"},"image":{"@id":"https:\/\/www.ultratourmonterosa.com\/de\/europaweg-neue-routen-von-graechen-zur-europahuette\/#primaryimage"},"thumbnailUrl":"https:\/\/www.ultratourmonterosa.com\/wp-content\/uploads\/2019\/08\/europaweg_grachen_europahutte2.jpg","datePublished":"2019-08-10T10:24:56+00:00","breadcrumb":{"@id":"https:\/\/www.ultratourmonterosa.com\/de\/europaweg-neue-routen-von-graechen-zur-europahuette\/#breadcrumb"},"inLanguage":"de","potentialAction":[{"@type":"ReadAction","target":["https:\/\/www.ultratourmonterosa.com\/de\/europaweg-neue-routen-von-graechen-zur-europahuette\/"]}]},{"@type":"ImageObject","inLanguage":"de","@id":"https:\/\/www.ultratourmonterosa.com\/de\/europaweg-neue-routen-von-graechen-zur-europahuette\/#primaryimage","url":"https:\/\/www.ultratourmonterosa.com\/wp-content\/uploads\/2019\/08\/europaweg_grachen_europahutte2.jpg","contentUrl":"https:\/\/www.ultratourmonterosa.com\/wp-content\/uploads\/2019\/08\/europaweg_grachen_europahutte2.jpg"},{"@type":"BreadcrumbList","@id":"https:\/\/www.ultratourmonterosa.com\/de\/europaweg-neue-routen-von-graechen-zur-europahuette\/#breadcrumb","itemListElement":[{"@type":"ListItem","position":1,"name":"Home","item":"https:\/\/www.ultratourmonterosa.com\/de\/"},{"@type":"ListItem","position":2,"name":"Europaweg neue Routen von Gr\u00e4chen zur Europah\u00fctte"}]},{"@type":"WebSite","@id":"https:\/\/www.ultratourmonterosa.com\/#website","url":"https:\/\/www.ultratourmonterosa.com\/","name":"Ultra Tour Monte Rosa","description":"3-6 September 2025","publisher":{"@id":"https:\/\/www.ultratourmonterosa.com\/#organization"},"potentialAction":[{"@type":"SearchAction","target":{"@type":"EntryPoint","urlTemplate":"https:\/\/www.ultratourmonterosa.com\/?s={search_term_string}"},"query-input":{"@type":"PropertyValueSpecification","valueRequired":true,"valueName":"search_term_string"}}],"inLanguage":"de"},{"@type":"Organization","@id":"https:\/\/www.ultratourmonterosa.com\/#organization","name":"Ultra Tour Monte Rosa","url":"https:\/\/www.ultratourmonterosa.com\/","logo":{"@type":"ImageObject","inLanguage":"de","@id":"https:\/\/www.ultratourmonterosa.com\/#\/schema\/logo\/image\/","url":"https:\/\/www.ultratourmonterosa.com\/wp-content\/uploads\/2024\/09\/UTMR-logo-300px-1.png","contentUrl":"https:\/\/www.ultratourmonterosa.com\/wp-content\/uploads\/2024\/09\/UTMR-logo-300px-1.png","width":300,"height":300,"caption":"Ultra Tour Monte Rosa"},"image":{"@id":"https:\/\/www.ultratourmonterosa.com\/#\/schema\/logo\/image\/"},"sameAs":["https:\/\/www.facebook.com\/UltraTourMonteRosa\/","https:\/\/x.com\/UltraMonteRosa"]},{"@type":"Person","@id":"https:\/\/www.ultratourmonterosa.com\/#\/schema\/person\/0e956cc597b5277039bcc6b448dea1ab","name":"UTMR Admin","image":{"@type":"ImageObject","inLanguage":"de","@id":"https:\/\/secure.gravatar.com\/avatar\/7c8211024821aca17cf494b3b4004ffb438ada146e9060e60670e3eecab30d44?s=96&d=mm&r=g","url":"https:\/\/secure.gravatar.com\/avatar\/7c8211024821aca17cf494b3b4004ffb438ada146e9060e60670e3eecab30d44?s=96&d=mm&r=g","contentUrl":"https:\/\/secure.gravatar.com\/avatar\/7c8211024821aca17cf494b3b4004ffb438ada146e9060e60670e3eecab30d44?s=96&d=mm&r=g","caption":"UTMR Admin"},"url":"https:\/\/www.ultratourmonterosa.com\/de\/author\/rpb\/"}]}},"jetpack_featured_media_url":"","jetpack_shortlink":"https:\/\/wp.me\/p4DSVg-aXh","jetpack_sharing_enabled":true,"_links":{"self":[{"href":"https:\/\/www.ultratourmonterosa.com\/de\/wp-json\/wp\/v2\/posts\/42115","targetHints":{"allow":["GET"]}}],"collection":[{"href":"https:\/\/www.ultratourmonterosa.com\/de\/wp-json\/wp\/v2\/posts"}],"about":[{"href":"https:\/\/www.ultratourmonterosa.com\/de\/wp-json\/wp\/v2\/types\/post"}],"author":[{"embeddable":true,"href":"https:\/\/www.ultratourmonterosa.com\/de\/wp-json\/wp\/v2\/users\/5"}],"replies":[{"embeddable":true,"href":"https:\/\/www.ultratourmonterosa.com\/de\/wp-json\/wp\/v2\/comments?post=42115"}],"version-history":[{"count":0,"href":"https:\/\/www.ultratourmonterosa.com\/de\/wp-json\/wp\/v2\/posts\/42115\/revisions"}],"wp:attachment":[{"href":"https:\/\/www.ultratourmonterosa.com\/de\/wp-json\/wp\/v2\/media?parent=42115"}],"wp:term":[{"taxonomy":"category","embeddable":true,"href":"https:\/\/www.ultratourmonterosa.com\/de\/wp-json\/wp\/v2\/categories?post=42115"},{"taxonomy":"post_tag","embeddable":true,"href":"https:\/\/www.ultratourmonterosa.com\/de\/wp-json\/wp\/v2\/tags?post=42115"}],"curies":[{"name":"wp","href":"https:\/\/api.w.org\/{rel}","templated":true}]}}