{"id":42146,"date":"2020-03-02T18:25:01","date_gmt":"2020-03-02T12:40:01","guid":{"rendered":"https:\/\/www.ultratourmonterosa.com\/ch-europa-botschafter-sacha-mijatov\/"},"modified":"2020-03-02T18:25:01","modified_gmt":"2020-03-02T12:40:01","slug":"ch-europa-botschafter-sacha-mijatov","status":"publish","type":"post","link":"https:\/\/www.ultratourmonterosa.com\/de\/ch-europa-botschafter-sacha-mijatov\/","title":{"rendered":"CH &amp; Europa-Botschafter: Sacha Mijatov"},"content":{"rendered":"<p><em>Wir freuen uns, dass Sacha ein Botschafter der UTMR auf den Wegen und in den sozialen Medien sein wird! Vielen Dank, Sacha &amp; wir freuen uns darauf, Sie im September 2020 wieder begr\u00fc\u00dfen zu d\u00fcrfen. <\/em><\/p>\n<p><em>Sie finden <a href=\"https:\/\/www.facebook.com\/profile.php?id=100000428385043\" target=\"_blank\" rel=\"noopener noreferrer\">Sacha auf facebook<\/a>, wenn Sie ihn kontaktieren m\u00f6chten! <\/em><\/p>\n<p>&nbsp;<\/p>\n<p style=\"font-weight: 400;\"><strong>Sacha (Turboschnecke) Mijatov<\/strong><\/p>\n<p style=\"font-weight: 400;\">Geboren: 1971<\/p>\n<p style=\"font-weight: 400;\"><strong>Heimatstadt:<\/strong><\/p>\n<p style=\"font-weight: 400;\">Br\u00fcssel, Belgien.<\/p>\n<p style=\"font-weight: 400;\"><strong>\u00dcber mich:<\/strong><\/p>\n<p style=\"font-weight: 400;\">Ich lebe seit 20 Jahren in der Schweiz und habe mich in die Berge verliebt! Ich begann zu wandern und sch\u00f6ne Landschaften und Regionen zu entdecken. Einige Jahre sp\u00e4ter begann ich mit dem Laufen und entdeckte, dass es Bergrennen gibt. Das war mein Punkt ohne Wiederkehr! (lachend)<\/p>\n<p style=\"font-weight: 400;\"><strong>Mein anderes Leben:<\/strong><\/p>\n<p style=\"font-weight: 400;\">Ich bin ein IT-Mann und suche nach jeder Ausrede, um in den Bergen zu sein.<\/p>\n<p style=\"font-weight: 400;\"><strong>In meiner Freizeit:<\/strong><\/p>\n<p style=\"font-weight: 400;\">Ich laufe! Was noch?<\/p>\n<p style=\"font-weight: 400;\"><strong>Spa\u00dffaktor:<\/strong><\/p>\n<p style=\"font-weight: 400;\">Richard (Rennleiter) sagte mir, dass ich die Berg-DNA habe. Sehr schmeichelhaft, aber auch lustig f\u00fcr jemanden aus einem flachen Land.<\/p>\n<p style=\"font-weight: 400;\"><strong>Lieblings-Alpenweglauf:<\/strong><\/p>\n<p style=\"font-weight: 400;\">Ich kann nicht sagen, dass ich einen Lieblings-Alpenweglauf habe. Aber ich bin verliebt in die Region Zermatt, wegen der Sch\u00f6nheit der Landschaft, aber auch wegen der Momente meines Lebens, die dort stattgefunden haben und die mir so am Herzen liegen!<\/p>\n<p style=\"font-weight: 400;\"><strong>Warum sind Sie Botschafter der Ultra Tour Monte Rosa?<\/strong><\/p>\n<p style=\"font-weight: 400;\">Zuerst half ich Lizzy und Richard bei der franz\u00f6sischen \u00dcbersetzung der Website (f\u00fcr die 1. Auflage), aber ich hatte noch nicht die Erfahrung und Ausdauer, um daran teilzunehmen. Seitdem habe ich an mehreren Trails teilgenommen und bin anderen L\u00e4ufern begegnet, die genauso begeistert und leidenschaftlich sind wie ich. Die Ausgabe 2019 der UTMR wurde aufgrund der Wetterbedingungen abgesagt. Ich gebe zu, dass ich frustriert war, aber als ich Lizzy und Richard sah, wie sie taten, was sie tun mussten, um die Teilnehmer bei Laune zu halten, sagte ich mir, dass ich auch etwas f\u00fcr sie tun k\u00f6nnte! Und mit Freude und Stolz werde ich die UTMR bei den verschiedenen Rennen, an denen ich teilnehmen werde, und auch in den sozialen Netzwerken vertreten!<\/p>\n<p>&nbsp;<\/p>\n<div id=\"attachment_36107\" style=\"width: 1034px\" class=\"wp-caption aligncenter\"><a class=\"single_photoswipe\" href=\"https:\/\/www.ultratourmonterosa.com\/wp-content\/uploads\/2020\/03\/UTMR-Ambassador-Logo.jpg\" data-size=\"1600x900\"><img loading=\"lazy\" decoding=\"async\" aria-describedby=\"caption-attachment-36107\" class=\"wp-image-36107 size-large\" src=\"https:\/\/www.ultratourmonterosa.com\/wp-content\/uploads\/2020\/03\/UTMR-Ambassador-Logo-1024x576.jpg\" alt=\"\" width=\"1024\" height=\"576\"><\/a><p id=\"caption-attachment-36107\" class=\"wp-caption-text\">Sacha mit dem Gipfel des Matterhorns im R\u00fccken!<\/p><\/div>\n","protected":false},"excerpt":{"rendered":"<p>Wir freuen uns, dass Sacha ein Botschafter der UTMR auf den Wegen und in den sozialen Medien sein wird! Vielen Dank, Sacha &amp; wir freuen uns darauf, Sie im September 2020 wieder begr\u00fc\u00dfen zu d\u00fcrfen. Sie finden Sacha auf facebook, wenn Sie ihn kontaktieren m\u00f6chten! &nbsp; Sacha (Turboschnecke) Mijatov Geboren: 1971 Heimatstadt: Br\u00fcssel, Belgien. \u00dcber [&hellip;]<\/p>\n","protected":false},"author":2,"featured_media":0,"comment_status":"open","ping_status":"open","sticky":false,"template":"","format":"standard","meta":{"_acf_changed":false,"jetpack_post_was_ever_published":false,"_jetpack_newsletter_access":"","_jetpack_dont_email_post_to_subs":false,"_jetpack_newsletter_tier_id":0,"_jetpack_memberships_contains_paywalled_content":false,"_jetpack_memberships_contains_paid_content":false,"footnotes":"","_wp_rev_ctl_limit":""},"categories":[57],"tags":[],"class_list":["post-42146","post","type-post","status-publish","format-standard","hentry","category-blog-de"],"acf":[],"yoast_head":"<!-- This site is optimized with the Yoast SEO plugin v27.5 - https:\/\/yoast.com\/product\/yoast-seo-wordpress\/ -->\n<title>CH &amp; Europa-Botschafter: Sacha Mijatov - Ultra Tour Monte Rosa<\/title>\n<meta name=\"robots\" content=\"index, follow, max-snippet:-1, max-image-preview:large, max-video-preview:-1\" \/>\n<link rel=\"canonical\" href=\"https:\/\/www.ultratourmonterosa.com\/de\/ch-europa-botschafter-sacha-mijatov\/\" \/>\n<meta property=\"og:locale\" content=\"de_DE\" \/>\n<meta property=\"og:type\" content=\"article\" \/>\n<meta property=\"og:title\" content=\"CH &amp; Europa-Botschafter: Sacha Mijatov - Ultra Tour Monte Rosa\" \/>\n<meta property=\"og:description\" content=\"Wir freuen uns, dass Sacha ein Botschafter der UTMR auf den Wegen und in den sozialen Medien sein wird! Vielen Dank, Sacha &amp; wir freuen uns darauf, Sie im September 2020 wieder begr\u00fc\u00dfen zu d\u00fcrfen. Sie finden Sacha auf facebook, wenn Sie ihn kontaktieren m\u00f6chten! &nbsp; Sacha (Turboschnecke) Mijatov Geboren: 1971 Heimatstadt: Br\u00fcssel, Belgien. \u00dcber [&hellip;]\" \/>\n<meta property=\"og:url\" content=\"https:\/\/www.ultratourmonterosa.com\/de\/ch-europa-botschafter-sacha-mijatov\/\" \/>\n<meta property=\"og:site_name\" content=\"Ultra Tour Monte Rosa\" \/>\n<meta property=\"article:publisher\" content=\"https:\/\/www.facebook.com\/UltraTourMonteRosa\/\" \/>\n<meta property=\"article:published_time\" content=\"2020-03-02T12:40:01+00:00\" \/>\n<meta property=\"og:image\" content=\"https:\/\/www.ultratourmonterosa.com\/wp-content\/uploads\/2020\/03\/UTMR-Ambassador-Logo-1024x576.jpg\" \/>\n<meta name=\"author\" content=\"Lizzy Hawker\" \/>\n<meta name=\"twitter:card\" content=\"summary_large_image\" \/>\n<meta name=\"twitter:creator\" content=\"@UltraMonteRosa\" \/>\n<meta name=\"twitter:site\" content=\"@UltraMonteRosa\" \/>\n<meta name=\"twitter:label1\" content=\"Verfasst von\" \/>\n\t<meta name=\"twitter:data1\" content=\"Lizzy Hawker\" \/>\n\t<meta name=\"twitter:label2\" content=\"Gesch\u00e4tzte Lesezeit\" \/>\n\t<meta name=\"twitter:data2\" content=\"2\u00a0Minuten\" \/>\n<script type=\"application\/ld+json\" class=\"yoast-schema-graph\">{\"@context\":\"https:\\\/\\\/schema.org\",\"@graph\":[{\"@type\":\"Article\",\"@id\":\"https:\\\/\\\/www.ultratourmonterosa.com\\\/de\\\/ch-europa-botschafter-sacha-mijatov\\\/#article\",\"isPartOf\":{\"@id\":\"https:\\\/\\\/www.ultratourmonterosa.com\\\/de\\\/ch-europa-botschafter-sacha-mijatov\\\/\"},\"author\":{\"name\":\"Lizzy Hawker\",\"@id\":\"https:\\\/\\\/www.ultratourmonterosa.com\\\/#\\\/schema\\\/person\\\/72f7296afeceebba242f8f36428a79ac\"},\"headline\":\"CH &amp; Europa-Botschafter: Sacha Mijatov\",\"datePublished\":\"2020-03-02T12:40:01+00:00\",\"mainEntityOfPage\":{\"@id\":\"https:\\\/\\\/www.ultratourmonterosa.com\\\/de\\\/ch-europa-botschafter-sacha-mijatov\\\/\"},\"wordCount\":352,\"commentCount\":0,\"publisher\":{\"@id\":\"https:\\\/\\\/www.ultratourmonterosa.com\\\/#organization\"},\"image\":{\"@id\":\"https:\\\/\\\/www.ultratourmonterosa.com\\\/de\\\/ch-europa-botschafter-sacha-mijatov\\\/#primaryimage\"},\"thumbnailUrl\":\"https:\\\/\\\/www.ultratourmonterosa.com\\\/wp-content\\\/uploads\\\/2020\\\/03\\\/UTMR-Ambassador-Logo-1024x576.jpg\",\"articleSection\":[\"Blog\"],\"inLanguage\":\"de\",\"potentialAction\":[{\"@type\":\"CommentAction\",\"name\":\"Comment\",\"target\":[\"https:\\\/\\\/www.ultratourmonterosa.com\\\/de\\\/ch-europa-botschafter-sacha-mijatov\\\/#respond\"]}]},{\"@type\":\"WebPage\",\"@id\":\"https:\\\/\\\/www.ultratourmonterosa.com\\\/de\\\/ch-europa-botschafter-sacha-mijatov\\\/\",\"url\":\"https:\\\/\\\/www.ultratourmonterosa.com\\\/de\\\/ch-europa-botschafter-sacha-mijatov\\\/\",\"name\":\"CH &amp; Europa-Botschafter: Sacha Mijatov - Ultra Tour Monte Rosa\",\"isPartOf\":{\"@id\":\"https:\\\/\\\/www.ultratourmonterosa.com\\\/#website\"},\"primaryImageOfPage\":{\"@id\":\"https:\\\/\\\/www.ultratourmonterosa.com\\\/de\\\/ch-europa-botschafter-sacha-mijatov\\\/#primaryimage\"},\"image\":{\"@id\":\"https:\\\/\\\/www.ultratourmonterosa.com\\\/de\\\/ch-europa-botschafter-sacha-mijatov\\\/#primaryimage\"},\"thumbnailUrl\":\"https:\\\/\\\/www.ultratourmonterosa.com\\\/wp-content\\\/uploads\\\/2020\\\/03\\\/UTMR-Ambassador-Logo-1024x576.jpg\",\"datePublished\":\"2020-03-02T12:40:01+00:00\",\"breadcrumb\":{\"@id\":\"https:\\\/\\\/www.ultratourmonterosa.com\\\/de\\\/ch-europa-botschafter-sacha-mijatov\\\/#breadcrumb\"},\"inLanguage\":\"de\",\"potentialAction\":[{\"@type\":\"ReadAction\",\"target\":[\"https:\\\/\\\/www.ultratourmonterosa.com\\\/de\\\/ch-europa-botschafter-sacha-mijatov\\\/\"]}]},{\"@type\":\"ImageObject\",\"inLanguage\":\"de\",\"@id\":\"https:\\\/\\\/www.ultratourmonterosa.com\\\/de\\\/ch-europa-botschafter-sacha-mijatov\\\/#primaryimage\",\"url\":\"https:\\\/\\\/www.ultratourmonterosa.com\\\/wp-content\\\/uploads\\\/2020\\\/03\\\/UTMR-Ambassador-Logo-1024x576.jpg\",\"contentUrl\":\"https:\\\/\\\/www.ultratourmonterosa.com\\\/wp-content\\\/uploads\\\/2020\\\/03\\\/UTMR-Ambassador-Logo-1024x576.jpg\"},{\"@type\":\"BreadcrumbList\",\"@id\":\"https:\\\/\\\/www.ultratourmonterosa.com\\\/de\\\/ch-europa-botschafter-sacha-mijatov\\\/#breadcrumb\",\"itemListElement\":[{\"@type\":\"ListItem\",\"position\":1,\"name\":\"Home\",\"item\":\"https:\\\/\\\/www.ultratourmonterosa.com\\\/de\\\/\"},{\"@type\":\"ListItem\",\"position\":2,\"name\":\"CH &amp; Europa-Botschafter: Sacha Mijatov\"}]},{\"@type\":\"WebSite\",\"@id\":\"https:\\\/\\\/www.ultratourmonterosa.com\\\/#website\",\"url\":\"https:\\\/\\\/www.ultratourmonterosa.com\\\/\",\"name\":\"Ultra Tour Monte Rosa\",\"description\":\"3-6 September 2025\",\"publisher\":{\"@id\":\"https:\\\/\\\/www.ultratourmonterosa.com\\\/#organization\"},\"potentialAction\":[{\"@type\":\"SearchAction\",\"target\":{\"@type\":\"EntryPoint\",\"urlTemplate\":\"https:\\\/\\\/www.ultratourmonterosa.com\\\/?s={search_term_string}\"},\"query-input\":{\"@type\":\"PropertyValueSpecification\",\"valueRequired\":true,\"valueName\":\"search_term_string\"}}],\"inLanguage\":\"de\"},{\"@type\":\"Organization\",\"@id\":\"https:\\\/\\\/www.ultratourmonterosa.com\\\/#organization\",\"name\":\"Ultra Tour Monte Rosa\",\"url\":\"https:\\\/\\\/www.ultratourmonterosa.com\\\/\",\"logo\":{\"@type\":\"ImageObject\",\"inLanguage\":\"de\",\"@id\":\"https:\\\/\\\/www.ultratourmonterosa.com\\\/#\\\/schema\\\/logo\\\/image\\\/\",\"url\":\"https:\\\/\\\/www.ultratourmonterosa.com\\\/wp-content\\\/uploads\\\/2024\\\/09\\\/UTMR-logo-300px-1.png\",\"contentUrl\":\"https:\\\/\\\/www.ultratourmonterosa.com\\\/wp-content\\\/uploads\\\/2024\\\/09\\\/UTMR-logo-300px-1.png\",\"width\":300,\"height\":300,\"caption\":\"Ultra Tour Monte Rosa\"},\"image\":{\"@id\":\"https:\\\/\\\/www.ultratourmonterosa.com\\\/#\\\/schema\\\/logo\\\/image\\\/\"},\"sameAs\":[\"https:\\\/\\\/www.facebook.com\\\/UltraTourMonteRosa\\\/\",\"https:\\\/\\\/x.com\\\/UltraMonteRosa\"]},{\"@type\":\"Person\",\"@id\":\"https:\\\/\\\/www.ultratourmonterosa.com\\\/#\\\/schema\\\/person\\\/72f7296afeceebba242f8f36428a79ac\",\"name\":\"Lizzy Hawker\",\"image\":{\"@type\":\"ImageObject\",\"inLanguage\":\"de\",\"@id\":\"https:\\\/\\\/secure.gravatar.com\\\/avatar\\\/49119c02999c60354d638c5c1aada8a77102334e3410f021d65889dcbdd4b281?s=96&d=mm&r=g\",\"url\":\"https:\\\/\\\/secure.gravatar.com\\\/avatar\\\/49119c02999c60354d638c5c1aada8a77102334e3410f021d65889dcbdd4b281?s=96&d=mm&r=g\",\"contentUrl\":\"https:\\\/\\\/secure.gravatar.com\\\/avatar\\\/49119c02999c60354d638c5c1aada8a77102334e3410f021d65889dcbdd4b281?s=96&d=mm&r=g\",\"caption\":\"Lizzy Hawker\"},\"sameAs\":[\"http:\\\/\\\/www.ultratourmonterosa.com\\\/\"],\"url\":\"https:\\\/\\\/www.ultratourmonterosa.com\\\/de\\\/author\\\/lizzy\\\/\"}]}<\/script>\n<!-- \/ Yoast SEO plugin. -->","yoast_head_json":{"title":"CH &amp; Europa-Botschafter: Sacha Mijatov - Ultra Tour Monte Rosa","robots":{"index":"index","follow":"follow","max-snippet":"max-snippet:-1","max-image-preview":"max-image-preview:large","max-video-preview":"max-video-preview:-1"},"canonical":"https:\/\/www.ultratourmonterosa.com\/de\/ch-europa-botschafter-sacha-mijatov\/","og_locale":"de_DE","og_type":"article","og_title":"CH &amp; Europa-Botschafter: Sacha Mijatov - Ultra Tour Monte Rosa","og_description":"Wir freuen uns, dass Sacha ein Botschafter der UTMR auf den Wegen und in den sozialen Medien sein wird! Vielen Dank, Sacha &amp; wir freuen uns darauf, Sie im September 2020 wieder begr\u00fc\u00dfen zu d\u00fcrfen. Sie finden Sacha auf facebook, wenn Sie ihn kontaktieren m\u00f6chten! &nbsp; Sacha (Turboschnecke) Mijatov Geboren: 1971 Heimatstadt: Br\u00fcssel, Belgien. \u00dcber [&hellip;]","og_url":"https:\/\/www.ultratourmonterosa.com\/de\/ch-europa-botschafter-sacha-mijatov\/","og_site_name":"Ultra Tour Monte Rosa","article_publisher":"https:\/\/www.facebook.com\/UltraTourMonteRosa\/","article_published_time":"2020-03-02T12:40:01+00:00","og_image":[{"url":"https:\/\/www.ultratourmonterosa.com\/wp-content\/uploads\/2020\/03\/UTMR-Ambassador-Logo-1024x576.jpg","type":"","width":"","height":""}],"author":"Lizzy Hawker","twitter_card":"summary_large_image","twitter_creator":"@UltraMonteRosa","twitter_site":"@UltraMonteRosa","twitter_misc":{"Verfasst von":"Lizzy Hawker","Gesch\u00e4tzte Lesezeit":"2\u00a0Minuten"},"schema":{"@context":"https:\/\/schema.org","@graph":[{"@type":"Article","@id":"https:\/\/www.ultratourmonterosa.com\/de\/ch-europa-botschafter-sacha-mijatov\/#article","isPartOf":{"@id":"https:\/\/www.ultratourmonterosa.com\/de\/ch-europa-botschafter-sacha-mijatov\/"},"author":{"name":"Lizzy Hawker","@id":"https:\/\/www.ultratourmonterosa.com\/#\/schema\/person\/72f7296afeceebba242f8f36428a79ac"},"headline":"CH &amp; Europa-Botschafter: Sacha Mijatov","datePublished":"2020-03-02T12:40:01+00:00","mainEntityOfPage":{"@id":"https:\/\/www.ultratourmonterosa.com\/de\/ch-europa-botschafter-sacha-mijatov\/"},"wordCount":352,"commentCount":0,"publisher":{"@id":"https:\/\/www.ultratourmonterosa.com\/#organization"},"image":{"@id":"https:\/\/www.ultratourmonterosa.com\/de\/ch-europa-botschafter-sacha-mijatov\/#primaryimage"},"thumbnailUrl":"https:\/\/www.ultratourmonterosa.com\/wp-content\/uploads\/2020\/03\/UTMR-Ambassador-Logo-1024x576.jpg","articleSection":["Blog"],"inLanguage":"de","potentialAction":[{"@type":"CommentAction","name":"Comment","target":["https:\/\/www.ultratourmonterosa.com\/de\/ch-europa-botschafter-sacha-mijatov\/#respond"]}]},{"@type":"WebPage","@id":"https:\/\/www.ultratourmonterosa.com\/de\/ch-europa-botschafter-sacha-mijatov\/","url":"https:\/\/www.ultratourmonterosa.com\/de\/ch-europa-botschafter-sacha-mijatov\/","name":"CH &amp; Europa-Botschafter: Sacha Mijatov - Ultra Tour Monte Rosa","isPartOf":{"@id":"https:\/\/www.ultratourmonterosa.com\/#website"},"primaryImageOfPage":{"@id":"https:\/\/www.ultratourmonterosa.com\/de\/ch-europa-botschafter-sacha-mijatov\/#primaryimage"},"image":{"@id":"https:\/\/www.ultratourmonterosa.com\/de\/ch-europa-botschafter-sacha-mijatov\/#primaryimage"},"thumbnailUrl":"https:\/\/www.ultratourmonterosa.com\/wp-content\/uploads\/2020\/03\/UTMR-Ambassador-Logo-1024x576.jpg","datePublished":"2020-03-02T12:40:01+00:00","breadcrumb":{"@id":"https:\/\/www.ultratourmonterosa.com\/de\/ch-europa-botschafter-sacha-mijatov\/#breadcrumb"},"inLanguage":"de","potentialAction":[{"@type":"ReadAction","target":["https:\/\/www.ultratourmonterosa.com\/de\/ch-europa-botschafter-sacha-mijatov\/"]}]},{"@type":"ImageObject","inLanguage":"de","@id":"https:\/\/www.ultratourmonterosa.com\/de\/ch-europa-botschafter-sacha-mijatov\/#primaryimage","url":"https:\/\/www.ultratourmonterosa.com\/wp-content\/uploads\/2020\/03\/UTMR-Ambassador-Logo-1024x576.jpg","contentUrl":"https:\/\/www.ultratourmonterosa.com\/wp-content\/uploads\/2020\/03\/UTMR-Ambassador-Logo-1024x576.jpg"},{"@type":"BreadcrumbList","@id":"https:\/\/www.ultratourmonterosa.com\/de\/ch-europa-botschafter-sacha-mijatov\/#breadcrumb","itemListElement":[{"@type":"ListItem","position":1,"name":"Home","item":"https:\/\/www.ultratourmonterosa.com\/de\/"},{"@type":"ListItem","position":2,"name":"CH &amp; Europa-Botschafter: Sacha Mijatov"}]},{"@type":"WebSite","@id":"https:\/\/www.ultratourmonterosa.com\/#website","url":"https:\/\/www.ultratourmonterosa.com\/","name":"Ultra Tour Monte Rosa","description":"3-6 September 2025","publisher":{"@id":"https:\/\/www.ultratourmonterosa.com\/#organization"},"potentialAction":[{"@type":"SearchAction","target":{"@type":"EntryPoint","urlTemplate":"https:\/\/www.ultratourmonterosa.com\/?s={search_term_string}"},"query-input":{"@type":"PropertyValueSpecification","valueRequired":true,"valueName":"search_term_string"}}],"inLanguage":"de"},{"@type":"Organization","@id":"https:\/\/www.ultratourmonterosa.com\/#organization","name":"Ultra Tour Monte Rosa","url":"https:\/\/www.ultratourmonterosa.com\/","logo":{"@type":"ImageObject","inLanguage":"de","@id":"https:\/\/www.ultratourmonterosa.com\/#\/schema\/logo\/image\/","url":"https:\/\/www.ultratourmonterosa.com\/wp-content\/uploads\/2024\/09\/UTMR-logo-300px-1.png","contentUrl":"https:\/\/www.ultratourmonterosa.com\/wp-content\/uploads\/2024\/09\/UTMR-logo-300px-1.png","width":300,"height":300,"caption":"Ultra Tour Monte Rosa"},"image":{"@id":"https:\/\/www.ultratourmonterosa.com\/#\/schema\/logo\/image\/"},"sameAs":["https:\/\/www.facebook.com\/UltraTourMonteRosa\/","https:\/\/x.com\/UltraMonteRosa"]},{"@type":"Person","@id":"https:\/\/www.ultratourmonterosa.com\/#\/schema\/person\/72f7296afeceebba242f8f36428a79ac","name":"Lizzy Hawker","image":{"@type":"ImageObject","inLanguage":"de","@id":"https:\/\/secure.gravatar.com\/avatar\/49119c02999c60354d638c5c1aada8a77102334e3410f021d65889dcbdd4b281?s=96&d=mm&r=g","url":"https:\/\/secure.gravatar.com\/avatar\/49119c02999c60354d638c5c1aada8a77102334e3410f021d65889dcbdd4b281?s=96&d=mm&r=g","contentUrl":"https:\/\/secure.gravatar.com\/avatar\/49119c02999c60354d638c5c1aada8a77102334e3410f021d65889dcbdd4b281?s=96&d=mm&r=g","caption":"Lizzy Hawker"},"sameAs":["http:\/\/www.ultratourmonterosa.com\/"],"url":"https:\/\/www.ultratourmonterosa.com\/de\/author\/lizzy\/"}]}},"jetpack_featured_media_url":"","jetpack_shortlink":"https:\/\/wp.me\/p4DSVg-aXM","jetpack_sharing_enabled":true,"_links":{"self":[{"href":"https:\/\/www.ultratourmonterosa.com\/de\/wp-json\/wp\/v2\/posts\/42146","targetHints":{"allow":["GET"]}}],"collection":[{"href":"https:\/\/www.ultratourmonterosa.com\/de\/wp-json\/wp\/v2\/posts"}],"about":[{"href":"https:\/\/www.ultratourmonterosa.com\/de\/wp-json\/wp\/v2\/types\/post"}],"author":[{"embeddable":true,"href":"https:\/\/www.ultratourmonterosa.com\/de\/wp-json\/wp\/v2\/users\/2"}],"replies":[{"embeddable":true,"href":"https:\/\/www.ultratourmonterosa.com\/de\/wp-json\/wp\/v2\/comments?post=42146"}],"version-history":[{"count":0,"href":"https:\/\/www.ultratourmonterosa.com\/de\/wp-json\/wp\/v2\/posts\/42146\/revisions"}],"wp:attachment":[{"href":"https:\/\/www.ultratourmonterosa.com\/de\/wp-json\/wp\/v2\/media?parent=42146"}],"wp:term":[{"taxonomy":"category","embeddable":true,"href":"https:\/\/www.ultratourmonterosa.com\/de\/wp-json\/wp\/v2\/categories?post=42146"},{"taxonomy":"post_tag","embeddable":true,"href":"https:\/\/www.ultratourmonterosa.com\/de\/wp-json\/wp\/v2\/tags?post=42146"}],"curies":[{"name":"wp","href":"https:\/\/api.w.org\/{rel}","templated":true}]}}