{"id":42889,"date":"2019-01-02T20:57:15","date_gmt":"2019-01-02T15:12:15","guid":{"rendered":"https:\/\/www.ultratourmonterosa.com\/damian-hall-wird-verletzt\/"},"modified":"2020-11-24T08:28:00","modified_gmt":"2020-11-24T02:43:00","slug":"damian-hall-wird-verletzt","status":"publish","type":"post","link":"https:\/\/www.ultratourmonterosa.com\/de\/damian-hall-wird-verletzt\/","title":{"rendered":"Damian Hall wird verletzt &#8230;"},"content":{"rendered":"<p><a href=\"https:\/\/itra.run\/community\/damian.hall\/384634\/6632\/\" target=\"_blank\" rel=\"noopener noreferrer\">Damian Hall<\/a>, Journalist und Elitel\u00e4ufer, hat sich f\u00fcr die <a href=\"https:\/\/www.ultratourmonterosa.com\/170km-ultra-tour-info\/\">2019 170 km Ultra Tour<\/a> angemeldet. Mit einem beeindruckenden 5. Platz bei der UTMB 2018 in 22:35:13, und nachdem er k\u00fcrzlich mit Beth Pascall eine FKT (schnellste bekannte Zeit) f\u00fcr den Cape Wrath Trail aufgestellt hat, ist ihm das lange und harte Rennen nicht fremd. Wir sind gespannt, was er von UTMR h\u00e4lt!<\/p>\n<p>&#8212;&#8212;-<\/p>\n<div id=\"attachment_33975\" style=\"width: 1012px\" class=\"wp-caption aligncenter\"><a class=\"single_photoswipe\" href=\"https:\/\/www.ultratourmonterosa.com\/wp-content\/uploads\/2019\/01\/DSC_8964.jpg\" data-size=\"1000x668\" data-lbwps-width=\"1620\" data-lbwps-height=\"1080\" data-lbwps-srcsmall=\"https:\/\/www.ultratourmonterosa.com\/wp-content\/uploads\/2019\/01\/DSC_8964.jpg\"><img loading=\"lazy\" decoding=\"async\" aria-describedby=\"caption-attachment-33975\" class=\"wp-image-33975\" src=\"https:\/\/www.ultratourmonterosa.com\/wp-content\/uploads\/2019\/01\/DSC_8964-1024x683.jpg\" alt=\"Damian Hall\" width=\"1002\" height=\"668\" srcset=\"https:\/\/www.ultratourmonterosa.com\/wp-content\/uploads\/2019\/01\/DSC_8964-1024x683.jpg 1024w, https:\/\/www.ultratourmonterosa.com\/wp-content\/uploads\/2019\/01\/DSC_8964-300x200.jpg 300w, https:\/\/www.ultratourmonterosa.com\/wp-content\/uploads\/2019\/01\/DSC_8964-768x512.jpg 768w, https:\/\/www.ultratourmonterosa.com\/wp-content\/uploads\/2019\/01\/DSC_8964-1800x1200.jpg 1800w, https:\/\/www.ultratourmonterosa.com\/wp-content\/uploads\/2019\/01\/DSC_8964-100x67.jpg 100w, https:\/\/www.ultratourmonterosa.com\/wp-content\/uploads\/2019\/01\/DSC_8964-70x47.jpg 70w, https:\/\/www.ultratourmonterosa.com\/wp-content\/uploads\/2019\/01\/DSC_8964-105x70.jpg 105w, https:\/\/www.ultratourmonterosa.com\/wp-content\/uploads\/2019\/01\/DSC_8964-50x33.jpg 50w, https:\/\/www.ultratourmonterosa.com\/wp-content\/uploads\/2019\/01\/DSC_8964-75x50.jpg 75w, https:\/\/www.ultratourmonterosa.com\/wp-content\/uploads\/2019\/01\/DSC_8964-200x133.jpg 200w, https:\/\/www.ultratourmonterosa.com\/wp-content\/uploads\/2019\/01\/DSC_8964.jpg 1620w\" sizes=\"auto, (max-width: 1002px) 100vw, 1002px\" \/><\/a><p id=\"caption-attachment-33975\" class=\"wp-caption-text\">Foto: Gipfel-Fieber Medien<\/p><\/div>\n<p>&nbsp;<\/p>\n<p>Ich liebe gute 100, ich. Je klumpiger und schmerzhafter, desto besser.<\/p>\n<p>Lizzy Hawker ist eine gro\u00dfe Inspiration f\u00fcr mich, und als ich zum ersten Mal von der Er\u00f6ffnung der Ultra Tour Monte Rosa h\u00f6rte, wollte ich sofort einsteigen.<\/p>\n<p>Gegen Ende des Sommers gibt es jedoch viele attraktive Rennen, und ich hatte eine kleine UTMB-Besessenheit, die ich erst einmal absch\u00fctteln musste.<\/p>\n<p>In der Zwischenzeit haben Freunde von mir &#8211; insbesondere Tim Laney, Nicky Spinks, Philip Haylett &#8211; UTMR gemacht und davon geschw\u00e4rmt. Die Rennfotos sahen einfach sensationell aus.<\/p>\n<p>Mit UTMB bin ich vorerst fertig, und UTMR scheint der perfekte Ersatz zu sein. Es ist nicht nur ein Buchstabe anders, sondern es ist die gleiche Entfernung und auch in den Alpen.<\/p>\n<p>Die UTMR scheint sich jedoch in mancher Hinsicht auch sehr von der UTMB zu unterscheiden. Es sieht wilder und abgelegener aus, technischer und spektakul\u00e4rer als das UTMB. Es geht h\u00f6her (\u00fcber 3.200m) und es gibt 1.300m mehr Aufstieg (Schluck). Es wird nat\u00fcrlich zur\u00fcckhaltender sein, aber das wird eine sch\u00f6ne Abwechslung sein. (Kuhglocken k\u00f6nnen nach 20 Stunden oder so etwas l\u00e4stig werden).<\/p>\n<p>Ich kann es kaum erwarten, da drau\u00dfen zu sein. Ich kann es kaum erwarten, dass es schmerzhaft wird.<\/p>\n<p>&nbsp;<\/p>\n<div id=\"attachment_33979\" style=\"width: 1011px\" class=\"wp-caption aligncenter\"><a class=\"single_photoswipe\" href=\"https:\/\/www.ultratourmonterosa.com\/wp-content\/uploads\/2019\/01\/DSC_8894_small.jpg\" data-size=\"1980x1321\" data-lbwps-width=\"1619\" data-lbwps-height=\"1080\" data-lbwps-srcsmall=\"https:\/\/www.ultratourmonterosa.com\/wp-content\/uploads\/2019\/01\/DSC_8894_small.jpg\"><img loading=\"lazy\" decoding=\"async\" aria-describedby=\"caption-attachment-33979\" class=\"wp-image-33979\" src=\"https:\/\/www.ultratourmonterosa.com\/wp-content\/uploads\/2019\/01\/DSC_8894_small-300x200.jpg\" alt=\"Damian Hall\" width=\"1001\" height=\"668\" srcset=\"https:\/\/www.ultratourmonterosa.com\/wp-content\/uploads\/2019\/01\/DSC_8894_small-300x200.jpg 300w, https:\/\/www.ultratourmonterosa.com\/wp-content\/uploads\/2019\/01\/DSC_8894_small-768x512.jpg 768w, https:\/\/www.ultratourmonterosa.com\/wp-content\/uploads\/2019\/01\/DSC_8894_small-1024x683.jpg 1024w, https:\/\/www.ultratourmonterosa.com\/wp-content\/uploads\/2019\/01\/DSC_8894_small-1800x1201.jpg 1800w, https:\/\/www.ultratourmonterosa.com\/wp-content\/uploads\/2019\/01\/DSC_8894_small-100x67.jpg 100w, https:\/\/www.ultratourmonterosa.com\/wp-content\/uploads\/2019\/01\/DSC_8894_small-70x47.jpg 70w, https:\/\/www.ultratourmonterosa.com\/wp-content\/uploads\/2019\/01\/DSC_8894_small-105x70.jpg 105w, https:\/\/www.ultratourmonterosa.com\/wp-content\/uploads\/2019\/01\/DSC_8894_small-50x33.jpg 50w, https:\/\/www.ultratourmonterosa.com\/wp-content\/uploads\/2019\/01\/DSC_8894_small-75x50.jpg 75w, https:\/\/www.ultratourmonterosa.com\/wp-content\/uploads\/2019\/01\/DSC_8894_small-200x133.jpg 200w, https:\/\/www.ultratourmonterosa.com\/wp-content\/uploads\/2019\/01\/DSC_8894_small.jpg 1619w\" sizes=\"auto, (max-width: 1001px) 100vw, 1001px\" \/><\/a><p id=\"caption-attachment-33979\" class=\"wp-caption-text\">Foto: Gipfel-Fieber Medien<\/p><\/div>\n<p>&nbsp;<\/p>\n","protected":false},"excerpt":{"rendered":"<p>Damian Hall, Journalist und Elitel\u00e4ufer, hat sich f\u00fcr die 2019 170 km Ultra Tour angemeldet. Mit einem beeindruckenden 5. Platz bei der UTMB 2018 in 22:35:13, und nachdem er k\u00fcrzlich mit Beth Pascall eine FKT (schnellste bekannte Zeit) f\u00fcr den Cape Wrath Trail aufgestellt hat, ist ihm das lange und harte Rennen nicht fremd. Wir [&hellip;]<\/p>\n","protected":false},"author":2,"featured_media":33979,"comment_status":"open","ping_status":"open","sticky":false,"template":"","format":"standard","meta":{"_acf_changed":false,"jetpack_post_was_ever_published":false,"_jetpack_newsletter_access":"","_jetpack_dont_email_post_to_subs":false,"_jetpack_newsletter_tier_id":0,"_jetpack_memberships_contains_paywalled_content":false,"_jetpack_memberships_contains_paid_content":false,"footnotes":"","_wp_rev_ctl_limit":""},"categories":[132,57],"tags":[],"class_list":["post-42889","post","type-post","status-publish","format-standard","has-post-thumbnail","hentry","category-170-km-ultra-de","category-blog-de"],"acf":[],"yoast_head":"<!-- This site is optimized with the Yoast SEO plugin v27.5 - https:\/\/yoast.com\/product\/yoast-seo-wordpress\/ -->\n<title>Damian Hall wird verletzt ... - Ultra Tour Monte Rosa<\/title>\n<meta name=\"robots\" content=\"index, follow, max-snippet:-1, max-image-preview:large, max-video-preview:-1\" \/>\n<link rel=\"canonical\" href=\"https:\/\/www.ultratourmonterosa.com\/de\/damian-hall-wird-verletzt\/\" \/>\n<meta property=\"og:locale\" content=\"de_DE\" \/>\n<meta property=\"og:type\" content=\"article\" \/>\n<meta property=\"og:title\" content=\"Damian Hall wird verletzt ... - Ultra Tour Monte Rosa\" \/>\n<meta property=\"og:description\" content=\"Damian Hall, Journalist und Elitel\u00e4ufer, hat sich f\u00fcr die 2019 170 km Ultra Tour angemeldet. Mit einem beeindruckenden 5. Platz bei der UTMB 2018 in 22:35:13, und nachdem er k\u00fcrzlich mit Beth Pascall eine FKT (schnellste bekannte Zeit) f\u00fcr den Cape Wrath Trail aufgestellt hat, ist ihm das lange und harte Rennen nicht fremd. Wir [&hellip;]\" \/>\n<meta property=\"og:url\" content=\"https:\/\/www.ultratourmonterosa.com\/de\/damian-hall-wird-verletzt\/\" \/>\n<meta property=\"og:site_name\" content=\"Ultra Tour Monte Rosa\" \/>\n<meta property=\"article:publisher\" content=\"https:\/\/www.facebook.com\/UltraTourMonteRosa\/\" \/>\n<meta property=\"article:published_time\" content=\"2019-01-02T15:12:15+00:00\" \/>\n<meta property=\"article:modified_time\" content=\"2020-11-24T02:43:00+00:00\" \/>\n<meta property=\"og:image\" content=\"https:\/\/www.ultratourmonterosa.com\/wp-content\/uploads\/2019\/01\/DSC_8894_small.jpg\" \/>\n\t<meta property=\"og:image:width\" content=\"1619\" \/>\n\t<meta property=\"og:image:height\" content=\"1080\" \/>\n\t<meta property=\"og:image:type\" content=\"image\/jpeg\" \/>\n<meta name=\"author\" content=\"Lizzy Hawker\" \/>\n<meta name=\"twitter:card\" content=\"summary_large_image\" \/>\n<meta name=\"twitter:creator\" content=\"@UltraMonteRosa\" \/>\n<meta name=\"twitter:site\" content=\"@UltraMonteRosa\" \/>\n<meta name=\"twitter:label1\" content=\"Verfasst von\" \/>\n\t<meta name=\"twitter:data1\" content=\"Lizzy Hawker\" \/>\n\t<meta name=\"twitter:label2\" content=\"Gesch\u00e4tzte Lesezeit\" \/>\n\t<meta name=\"twitter:data2\" content=\"1\u00a0Minute\" \/>\n<script type=\"application\/ld+json\" class=\"yoast-schema-graph\">{\"@context\":\"https:\\\/\\\/schema.org\",\"@graph\":[{\"@type\":\"Article\",\"@id\":\"https:\\\/\\\/www.ultratourmonterosa.com\\\/de\\\/damian-hall-wird-verletzt\\\/#article\",\"isPartOf\":{\"@id\":\"https:\\\/\\\/www.ultratourmonterosa.com\\\/de\\\/damian-hall-wird-verletzt\\\/\"},\"author\":{\"name\":\"Lizzy Hawker\",\"@id\":\"https:\\\/\\\/www.ultratourmonterosa.com\\\/#\\\/schema\\\/person\\\/72f7296afeceebba242f8f36428a79ac\"},\"headline\":\"Damian Hall wird verletzt &#8230;\",\"datePublished\":\"2019-01-02T15:12:15+00:00\",\"dateModified\":\"2020-11-24T02:43:00+00:00\",\"mainEntityOfPage\":{\"@id\":\"https:\\\/\\\/www.ultratourmonterosa.com\\\/de\\\/damian-hall-wird-verletzt\\\/\"},\"wordCount\":300,\"commentCount\":0,\"publisher\":{\"@id\":\"https:\\\/\\\/www.ultratourmonterosa.com\\\/#organization\"},\"image\":{\"@id\":\"https:\\\/\\\/www.ultratourmonterosa.com\\\/de\\\/damian-hall-wird-verletzt\\\/#primaryimage\"},\"thumbnailUrl\":\"https:\\\/\\\/www.ultratourmonterosa.com\\\/wp-content\\\/uploads\\\/2019\\\/01\\\/DSC_8894_small.jpg\",\"articleSection\":[\"170 km ultra\",\"Blog\"],\"inLanguage\":\"de\",\"potentialAction\":[{\"@type\":\"CommentAction\",\"name\":\"Comment\",\"target\":[\"https:\\\/\\\/www.ultratourmonterosa.com\\\/de\\\/damian-hall-wird-verletzt\\\/#respond\"]}]},{\"@type\":\"WebPage\",\"@id\":\"https:\\\/\\\/www.ultratourmonterosa.com\\\/de\\\/damian-hall-wird-verletzt\\\/\",\"url\":\"https:\\\/\\\/www.ultratourmonterosa.com\\\/de\\\/damian-hall-wird-verletzt\\\/\",\"name\":\"Damian Hall wird verletzt ... - Ultra Tour Monte Rosa\",\"isPartOf\":{\"@id\":\"https:\\\/\\\/www.ultratourmonterosa.com\\\/#website\"},\"primaryImageOfPage\":{\"@id\":\"https:\\\/\\\/www.ultratourmonterosa.com\\\/de\\\/damian-hall-wird-verletzt\\\/#primaryimage\"},\"image\":{\"@id\":\"https:\\\/\\\/www.ultratourmonterosa.com\\\/de\\\/damian-hall-wird-verletzt\\\/#primaryimage\"},\"thumbnailUrl\":\"https:\\\/\\\/www.ultratourmonterosa.com\\\/wp-content\\\/uploads\\\/2019\\\/01\\\/DSC_8894_small.jpg\",\"datePublished\":\"2019-01-02T15:12:15+00:00\",\"dateModified\":\"2020-11-24T02:43:00+00:00\",\"breadcrumb\":{\"@id\":\"https:\\\/\\\/www.ultratourmonterosa.com\\\/de\\\/damian-hall-wird-verletzt\\\/#breadcrumb\"},\"inLanguage\":\"de\",\"potentialAction\":[{\"@type\":\"ReadAction\",\"target\":[\"https:\\\/\\\/www.ultratourmonterosa.com\\\/de\\\/damian-hall-wird-verletzt\\\/\"]}]},{\"@type\":\"ImageObject\",\"inLanguage\":\"de\",\"@id\":\"https:\\\/\\\/www.ultratourmonterosa.com\\\/de\\\/damian-hall-wird-verletzt\\\/#primaryimage\",\"url\":\"https:\\\/\\\/www.ultratourmonterosa.com\\\/wp-content\\\/uploads\\\/2019\\\/01\\\/DSC_8894_small.jpg\",\"contentUrl\":\"https:\\\/\\\/www.ultratourmonterosa.com\\\/wp-content\\\/uploads\\\/2019\\\/01\\\/DSC_8894_small.jpg\",\"width\":1619,\"height\":1080},{\"@type\":\"BreadcrumbList\",\"@id\":\"https:\\\/\\\/www.ultratourmonterosa.com\\\/de\\\/damian-hall-wird-verletzt\\\/#breadcrumb\",\"itemListElement\":[{\"@type\":\"ListItem\",\"position\":1,\"name\":\"Home\",\"item\":\"https:\\\/\\\/www.ultratourmonterosa.com\\\/de\\\/\"},{\"@type\":\"ListItem\",\"position\":2,\"name\":\"Damian Hall wird verletzt &#8230;\"}]},{\"@type\":\"WebSite\",\"@id\":\"https:\\\/\\\/www.ultratourmonterosa.com\\\/#website\",\"url\":\"https:\\\/\\\/www.ultratourmonterosa.com\\\/\",\"name\":\"Ultra Tour Monte Rosa\",\"description\":\"3-6 September 2025\",\"publisher\":{\"@id\":\"https:\\\/\\\/www.ultratourmonterosa.com\\\/#organization\"},\"potentialAction\":[{\"@type\":\"SearchAction\",\"target\":{\"@type\":\"EntryPoint\",\"urlTemplate\":\"https:\\\/\\\/www.ultratourmonterosa.com\\\/?s={search_term_string}\"},\"query-input\":{\"@type\":\"PropertyValueSpecification\",\"valueRequired\":true,\"valueName\":\"search_term_string\"}}],\"inLanguage\":\"de\"},{\"@type\":\"Organization\",\"@id\":\"https:\\\/\\\/www.ultratourmonterosa.com\\\/#organization\",\"name\":\"Ultra Tour Monte Rosa\",\"url\":\"https:\\\/\\\/www.ultratourmonterosa.com\\\/\",\"logo\":{\"@type\":\"ImageObject\",\"inLanguage\":\"de\",\"@id\":\"https:\\\/\\\/www.ultratourmonterosa.com\\\/#\\\/schema\\\/logo\\\/image\\\/\",\"url\":\"https:\\\/\\\/www.ultratourmonterosa.com\\\/wp-content\\\/uploads\\\/2024\\\/09\\\/UTMR-logo-300px-1.png\",\"contentUrl\":\"https:\\\/\\\/www.ultratourmonterosa.com\\\/wp-content\\\/uploads\\\/2024\\\/09\\\/UTMR-logo-300px-1.png\",\"width\":300,\"height\":300,\"caption\":\"Ultra Tour Monte Rosa\"},\"image\":{\"@id\":\"https:\\\/\\\/www.ultratourmonterosa.com\\\/#\\\/schema\\\/logo\\\/image\\\/\"},\"sameAs\":[\"https:\\\/\\\/www.facebook.com\\\/UltraTourMonteRosa\\\/\",\"https:\\\/\\\/x.com\\\/UltraMonteRosa\"]},{\"@type\":\"Person\",\"@id\":\"https:\\\/\\\/www.ultratourmonterosa.com\\\/#\\\/schema\\\/person\\\/72f7296afeceebba242f8f36428a79ac\",\"name\":\"Lizzy Hawker\",\"image\":{\"@type\":\"ImageObject\",\"inLanguage\":\"de\",\"@id\":\"https:\\\/\\\/secure.gravatar.com\\\/avatar\\\/49119c02999c60354d638c5c1aada8a77102334e3410f021d65889dcbdd4b281?s=96&d=mm&r=g\",\"url\":\"https:\\\/\\\/secure.gravatar.com\\\/avatar\\\/49119c02999c60354d638c5c1aada8a77102334e3410f021d65889dcbdd4b281?s=96&d=mm&r=g\",\"contentUrl\":\"https:\\\/\\\/secure.gravatar.com\\\/avatar\\\/49119c02999c60354d638c5c1aada8a77102334e3410f021d65889dcbdd4b281?s=96&d=mm&r=g\",\"caption\":\"Lizzy Hawker\"},\"sameAs\":[\"http:\\\/\\\/www.ultratourmonterosa.com\\\/\"],\"url\":\"https:\\\/\\\/www.ultratourmonterosa.com\\\/de\\\/author\\\/lizzy\\\/\"}]}<\/script>\n<!-- \/ Yoast SEO plugin. -->","yoast_head_json":{"title":"Damian Hall wird verletzt ... - Ultra Tour Monte Rosa","robots":{"index":"index","follow":"follow","max-snippet":"max-snippet:-1","max-image-preview":"max-image-preview:large","max-video-preview":"max-video-preview:-1"},"canonical":"https:\/\/www.ultratourmonterosa.com\/de\/damian-hall-wird-verletzt\/","og_locale":"de_DE","og_type":"article","og_title":"Damian Hall wird verletzt ... - Ultra Tour Monte Rosa","og_description":"Damian Hall, Journalist und Elitel\u00e4ufer, hat sich f\u00fcr die 2019 170 km Ultra Tour angemeldet. Mit einem beeindruckenden 5. Platz bei der UTMB 2018 in 22:35:13, und nachdem er k\u00fcrzlich mit Beth Pascall eine FKT (schnellste bekannte Zeit) f\u00fcr den Cape Wrath Trail aufgestellt hat, ist ihm das lange und harte Rennen nicht fremd. Wir [&hellip;]","og_url":"https:\/\/www.ultratourmonterosa.com\/de\/damian-hall-wird-verletzt\/","og_site_name":"Ultra Tour Monte Rosa","article_publisher":"https:\/\/www.facebook.com\/UltraTourMonteRosa\/","article_published_time":"2019-01-02T15:12:15+00:00","article_modified_time":"2020-11-24T02:43:00+00:00","og_image":[{"width":1619,"height":1080,"url":"https:\/\/www.ultratourmonterosa.com\/wp-content\/uploads\/2019\/01\/DSC_8894_small.jpg","type":"image\/jpeg"}],"author":"Lizzy Hawker","twitter_card":"summary_large_image","twitter_creator":"@UltraMonteRosa","twitter_site":"@UltraMonteRosa","twitter_misc":{"Verfasst von":"Lizzy Hawker","Gesch\u00e4tzte Lesezeit":"1\u00a0Minute"},"schema":{"@context":"https:\/\/schema.org","@graph":[{"@type":"Article","@id":"https:\/\/www.ultratourmonterosa.com\/de\/damian-hall-wird-verletzt\/#article","isPartOf":{"@id":"https:\/\/www.ultratourmonterosa.com\/de\/damian-hall-wird-verletzt\/"},"author":{"name":"Lizzy Hawker","@id":"https:\/\/www.ultratourmonterosa.com\/#\/schema\/person\/72f7296afeceebba242f8f36428a79ac"},"headline":"Damian Hall wird verletzt &#8230;","datePublished":"2019-01-02T15:12:15+00:00","dateModified":"2020-11-24T02:43:00+00:00","mainEntityOfPage":{"@id":"https:\/\/www.ultratourmonterosa.com\/de\/damian-hall-wird-verletzt\/"},"wordCount":300,"commentCount":0,"publisher":{"@id":"https:\/\/www.ultratourmonterosa.com\/#organization"},"image":{"@id":"https:\/\/www.ultratourmonterosa.com\/de\/damian-hall-wird-verletzt\/#primaryimage"},"thumbnailUrl":"https:\/\/www.ultratourmonterosa.com\/wp-content\/uploads\/2019\/01\/DSC_8894_small.jpg","articleSection":["170 km ultra","Blog"],"inLanguage":"de","potentialAction":[{"@type":"CommentAction","name":"Comment","target":["https:\/\/www.ultratourmonterosa.com\/de\/damian-hall-wird-verletzt\/#respond"]}]},{"@type":"WebPage","@id":"https:\/\/www.ultratourmonterosa.com\/de\/damian-hall-wird-verletzt\/","url":"https:\/\/www.ultratourmonterosa.com\/de\/damian-hall-wird-verletzt\/","name":"Damian Hall wird verletzt ... - Ultra Tour Monte Rosa","isPartOf":{"@id":"https:\/\/www.ultratourmonterosa.com\/#website"},"primaryImageOfPage":{"@id":"https:\/\/www.ultratourmonterosa.com\/de\/damian-hall-wird-verletzt\/#primaryimage"},"image":{"@id":"https:\/\/www.ultratourmonterosa.com\/de\/damian-hall-wird-verletzt\/#primaryimage"},"thumbnailUrl":"https:\/\/www.ultratourmonterosa.com\/wp-content\/uploads\/2019\/01\/DSC_8894_small.jpg","datePublished":"2019-01-02T15:12:15+00:00","dateModified":"2020-11-24T02:43:00+00:00","breadcrumb":{"@id":"https:\/\/www.ultratourmonterosa.com\/de\/damian-hall-wird-verletzt\/#breadcrumb"},"inLanguage":"de","potentialAction":[{"@type":"ReadAction","target":["https:\/\/www.ultratourmonterosa.com\/de\/damian-hall-wird-verletzt\/"]}]},{"@type":"ImageObject","inLanguage":"de","@id":"https:\/\/www.ultratourmonterosa.com\/de\/damian-hall-wird-verletzt\/#primaryimage","url":"https:\/\/www.ultratourmonterosa.com\/wp-content\/uploads\/2019\/01\/DSC_8894_small.jpg","contentUrl":"https:\/\/www.ultratourmonterosa.com\/wp-content\/uploads\/2019\/01\/DSC_8894_small.jpg","width":1619,"height":1080},{"@type":"BreadcrumbList","@id":"https:\/\/www.ultratourmonterosa.com\/de\/damian-hall-wird-verletzt\/#breadcrumb","itemListElement":[{"@type":"ListItem","position":1,"name":"Home","item":"https:\/\/www.ultratourmonterosa.com\/de\/"},{"@type":"ListItem","position":2,"name":"Damian Hall wird verletzt &#8230;"}]},{"@type":"WebSite","@id":"https:\/\/www.ultratourmonterosa.com\/#website","url":"https:\/\/www.ultratourmonterosa.com\/","name":"Ultra Tour Monte Rosa","description":"3-6 September 2025","publisher":{"@id":"https:\/\/www.ultratourmonterosa.com\/#organization"},"potentialAction":[{"@type":"SearchAction","target":{"@type":"EntryPoint","urlTemplate":"https:\/\/www.ultratourmonterosa.com\/?s={search_term_string}"},"query-input":{"@type":"PropertyValueSpecification","valueRequired":true,"valueName":"search_term_string"}}],"inLanguage":"de"},{"@type":"Organization","@id":"https:\/\/www.ultratourmonterosa.com\/#organization","name":"Ultra Tour Monte Rosa","url":"https:\/\/www.ultratourmonterosa.com\/","logo":{"@type":"ImageObject","inLanguage":"de","@id":"https:\/\/www.ultratourmonterosa.com\/#\/schema\/logo\/image\/","url":"https:\/\/www.ultratourmonterosa.com\/wp-content\/uploads\/2024\/09\/UTMR-logo-300px-1.png","contentUrl":"https:\/\/www.ultratourmonterosa.com\/wp-content\/uploads\/2024\/09\/UTMR-logo-300px-1.png","width":300,"height":300,"caption":"Ultra Tour Monte Rosa"},"image":{"@id":"https:\/\/www.ultratourmonterosa.com\/#\/schema\/logo\/image\/"},"sameAs":["https:\/\/www.facebook.com\/UltraTourMonteRosa\/","https:\/\/x.com\/UltraMonteRosa"]},{"@type":"Person","@id":"https:\/\/www.ultratourmonterosa.com\/#\/schema\/person\/72f7296afeceebba242f8f36428a79ac","name":"Lizzy Hawker","image":{"@type":"ImageObject","inLanguage":"de","@id":"https:\/\/secure.gravatar.com\/avatar\/49119c02999c60354d638c5c1aada8a77102334e3410f021d65889dcbdd4b281?s=96&d=mm&r=g","url":"https:\/\/secure.gravatar.com\/avatar\/49119c02999c60354d638c5c1aada8a77102334e3410f021d65889dcbdd4b281?s=96&d=mm&r=g","contentUrl":"https:\/\/secure.gravatar.com\/avatar\/49119c02999c60354d638c5c1aada8a77102334e3410f021d65889dcbdd4b281?s=96&d=mm&r=g","caption":"Lizzy Hawker"},"sameAs":["http:\/\/www.ultratourmonterosa.com\/"],"url":"https:\/\/www.ultratourmonterosa.com\/de\/author\/lizzy\/"}]}},"jetpack_featured_media_url":"https:\/\/www.ultratourmonterosa.com\/wp-content\/uploads\/2019\/01\/DSC_8894_small.jpg","jetpack_shortlink":"https:\/\/wp.me\/p4DSVg-b9L","jetpack_sharing_enabled":true,"_links":{"self":[{"href":"https:\/\/www.ultratourmonterosa.com\/de\/wp-json\/wp\/v2\/posts\/42889","targetHints":{"allow":["GET"]}}],"collection":[{"href":"https:\/\/www.ultratourmonterosa.com\/de\/wp-json\/wp\/v2\/posts"}],"about":[{"href":"https:\/\/www.ultratourmonterosa.com\/de\/wp-json\/wp\/v2\/types\/post"}],"author":[{"embeddable":true,"href":"https:\/\/www.ultratourmonterosa.com\/de\/wp-json\/wp\/v2\/users\/2"}],"replies":[{"embeddable":true,"href":"https:\/\/www.ultratourmonterosa.com\/de\/wp-json\/wp\/v2\/comments?post=42889"}],"version-history":[{"count":1,"href":"https:\/\/www.ultratourmonterosa.com\/de\/wp-json\/wp\/v2\/posts\/42889\/revisions"}],"predecessor-version":[{"id":42890,"href":"https:\/\/www.ultratourmonterosa.com\/de\/wp-json\/wp\/v2\/posts\/42889\/revisions\/42890"}],"wp:featuredmedia":[{"embeddable":true,"href":"https:\/\/www.ultratourmonterosa.com\/de\/wp-json\/wp\/v2\/media\/33979"}],"wp:attachment":[{"href":"https:\/\/www.ultratourmonterosa.com\/de\/wp-json\/wp\/v2\/media?parent=42889"}],"wp:term":[{"taxonomy":"category","embeddable":true,"href":"https:\/\/www.ultratourmonterosa.com\/de\/wp-json\/wp\/v2\/categories?post=42889"},{"taxonomy":"post_tag","embeddable":true,"href":"https:\/\/www.ultratourmonterosa.com\/de\/wp-json\/wp\/v2\/tags?post=42889"}],"curies":[{"name":"wp","href":"https:\/\/api.w.org\/{rel}","templated":true}]}}