{"id":42070,"date":"2019-03-31T10:23:57","date_gmt":"2019-03-31T04:38:57","guid":{"rendered":"https:\/\/www.ultratourmonterosa.com\/christian-insam-de-retour-a-arrivee-unarriveedaffaires-sur-les-sentiers-du-monte-rosa\/"},"modified":"2020-11-15T03:37:52","modified_gmt":"2020-11-14T21:52:52","slug":"christian-insam-de-retour-a-arrivee-unarriveedaffaires-sur-les-sentiers-du-monte-rosa","status":"publish","type":"post","link":"https:\/\/www.ultratourmonterosa.com\/fr\/christian-insam-de-retour-a-arrivee-unarriveedaffaires-sur-les-sentiers-du-monte-rosa\/","title":{"rendered":"Christian Insam de retour \u00e0 Arriv\u00e9e unArriv\u00e9ed&rsquo;affaires sur les sentiers du Monte Rosa"},"content":{"rendered":"<p><strong><a href=\"https:\/\/www.lasportiva.com\" target=\"_blank\" rel=\"noopener noreferrer\">La Sportiva<\/a> athl\u00e8te d&rsquo;\u00e9lite, <a href=\"https:\/\/www.facebook.com\/christian.insam.5\" target=\"_blank\" rel=\"noopener noreferrer\">Christian Insam<\/a>, revient \u00e0 Arriv\u00e9e unArriv\u00e9eed business sur les sentiers du Mont Rose ! Bonne chance, \u00e0 bient\u00f4t en septembre !<\/strong><\/p>\n<p>&nbsp;<\/p>\n<span class=\"removed_link\" title=\"https:\/\/www.ultratourmonterosa.com\/wp-content\/uploads\/2019\/03\/D4_9803-kl.jpg\"><\/span>  Christian pendant l&rsquo;UTMR 2018 !\n<p>&nbsp;<\/p>\n<p style=\"font-weight: 400;\">Apr\u00e8s mon retrait l&rsquo;ann\u00e9e derni\u00e8re au km 120, ma premi\u00e8re pens\u00e9e a \u00e9t\u00e9 de revenir d\u00e9finitivement pour conclure le parcours autour du Monte Rosa ! L&rsquo;envie de revenir dans ces lieux magnifiques, dans ces mont\u00e9es sans fin o\u00f9 l&rsquo;on est en contact \u00e9troit avec la nature, \u00e9tait trop forte. Commencer t\u00f4t le matin sur l&rsquo;Europaweg qui m\u00e8ne \u00e0 Zermatt et profiter du lever de soleil qui peint le Cervin en rouge est une chose indescriptible.<\/p>\n<p style=\"font-weight: 400;\">Apr\u00e8s la saison derni\u00e8re et la blessure survenue \u00e0 l&rsquo;UTMR, j&rsquo;ai d\u00fb me reposer un peu, me r\u00e9tablir physiquement et identifier la cause de mes probl\u00e8mes inguinaux actuels. Vivant dans les montagnes, dans les Dolomites, pendant l&rsquo;hiver, j&rsquo;arr\u00eate presque compl\u00e8tement de courir. Je fais du ski, je pratique le ski alpin et le ski de fond. Je pense que l&rsquo;alternance entre les sports est tr\u00e8s bonne pour la r\u00e9g\u00e9n\u00e9ration des muscles et des tendons.<\/p>\n<p style=\"font-weight: 400;\">L&rsquo;\u00e9dition 2019 promet d&rsquo;\u00eatre tr\u00e8s int\u00e9ressante avec la pr\u00e9sence de tant de grands champions &#8211; chacun pr\u00eat \u00e0 donner son maximum.<\/p>\n<p style=\"font-weight: 400;\">Merci Lizzy et Richard &#8211; \u00e0 bient\u00f4t !<\/p>\n<p>&nbsp;<\/p>\n<span class=\"removed_link\" title=\"https:\/\/www.ultratourmonterosa.com\/wp-content\/uploads\/2019\/03\/IMG_65437776.jpg\"><\/span>  Formation d&rsquo;hiver !\n","protected":false},"excerpt":{"rendered":"<p>La Sportiva athl\u00e8te d&rsquo;\u00e9lite, Christian Insam, revient \u00e0 Arriv\u00e9e unArriv\u00e9eed business sur les sentiers du Mont Rose ! Bonne chance, \u00e0 bient\u00f4t en septembre ! &nbsp; &nbsp; Apr\u00e8s mon retrait l&rsquo;ann\u00e9e derni\u00e8re au km 120, ma premi\u00e8re pens\u00e9e a \u00e9t\u00e9 de revenir d\u00e9finitivement pour conclure le parcours autour du Monte Rosa ! L&rsquo;envie de revenir [&hellip;]<\/p>\n","protected":false},"author":2,"featured_media":0,"comment_status":"open","ping_status":"open","sticky":false,"template":"","format":"standard","meta":{"_acf_changed":false,"jetpack_post_was_ever_published":false,"_jetpack_newsletter_access":"","_jetpack_dont_email_post_to_subs":false,"_jetpack_newsletter_tier_id":0,"_jetpack_memberships_contains_paywalled_content":false,"_jetpack_memberships_contains_paid_content":false,"footnotes":"","_wp_rev_ctl_limit":""},"categories":[51],"tags":[],"class_list":["post-42070","post","type-post","status-publish","format-standard","hentry","category-blog-fr"],"acf":[],"yoast_head":"<!-- This site is optimized with the Yoast SEO plugin v27.5 - https:\/\/yoast.com\/product\/yoast-seo-wordpress\/ -->\n<title>Christian Insam de retour \u00e0 Arriv\u00e9e unArriv\u00e9ed&#039;affaires sur les sentiers du Monte Rosa - Ultra Tour Monte Rosa<\/title>\n<meta name=\"robots\" content=\"index, follow, max-snippet:-1, max-image-preview:large, max-video-preview:-1\" \/>\n<link rel=\"canonical\" href=\"https:\/\/www.ultratourmonterosa.com\/fr\/christian-insam-de-retour-a-arrivee-unarriveedaffaires-sur-les-sentiers-du-monte-rosa\/\" \/>\n<meta property=\"og:locale\" content=\"fr_FR\" \/>\n<meta property=\"og:type\" content=\"article\" \/>\n<meta property=\"og:title\" content=\"Christian Insam de retour \u00e0 Arriv\u00e9e unArriv\u00e9ed&#039;affaires sur les sentiers du Monte Rosa - Ultra Tour Monte Rosa\" \/>\n<meta property=\"og:description\" content=\"La Sportiva athl\u00e8te d&rsquo;\u00e9lite, Christian Insam, revient \u00e0 Arriv\u00e9e unArriv\u00e9eed business sur les sentiers du Mont Rose ! Bonne chance, \u00e0 bient\u00f4t en septembre ! &nbsp; &nbsp; Apr\u00e8s mon retrait l&rsquo;ann\u00e9e derni\u00e8re au km 120, ma premi\u00e8re pens\u00e9e a \u00e9t\u00e9 de revenir d\u00e9finitivement pour conclure le parcours autour du Monte Rosa ! L&rsquo;envie de revenir [&hellip;]\" \/>\n<meta property=\"og:url\" content=\"https:\/\/www.ultratourmonterosa.com\/fr\/christian-insam-de-retour-a-arrivee-unarriveedaffaires-sur-les-sentiers-du-monte-rosa\/\" \/>\n<meta property=\"og:site_name\" content=\"Ultra Tour Monte Rosa\" \/>\n<meta property=\"article:publisher\" content=\"https:\/\/www.facebook.com\/UltraTourMonteRosa\/\" \/>\n<meta property=\"article:published_time\" content=\"2019-03-31T04:38:57+00:00\" \/>\n<meta property=\"article:modified_time\" content=\"2020-11-14T21:52:52+00:00\" \/>\n<meta name=\"author\" content=\"Lizzy Hawker\" \/>\n<meta name=\"twitter:card\" content=\"summary_large_image\" \/>\n<meta name=\"twitter:creator\" content=\"@UltraMonteRosa\" \/>\n<meta name=\"twitter:site\" content=\"@UltraMonteRosa\" \/>\n<meta name=\"twitter:label1\" content=\"\u00c9crit par\" \/>\n\t<meta name=\"twitter:data1\" content=\"Lizzy Hawker\" \/>\n\t<meta name=\"twitter:label2\" content=\"Dur\u00e9e de lecture estim\u00e9e\" \/>\n\t<meta name=\"twitter:data2\" content=\"1 minute\" \/>\n<script type=\"application\/ld+json\" class=\"yoast-schema-graph\">{\"@context\":\"https:\\\/\\\/schema.org\",\"@graph\":[{\"@type\":\"Article\",\"@id\":\"https:\\\/\\\/www.ultratourmonterosa.com\\\/fr\\\/christian-insam-de-retour-a-arrivee-unarriveedaffaires-sur-les-sentiers-du-monte-rosa\\\/#article\",\"isPartOf\":{\"@id\":\"https:\\\/\\\/www.ultratourmonterosa.com\\\/fr\\\/christian-insam-de-retour-a-arrivee-unarriveedaffaires-sur-les-sentiers-du-monte-rosa\\\/\"},\"author\":{\"name\":\"Lizzy Hawker\",\"@id\":\"https:\\\/\\\/www.ultratourmonterosa.com\\\/#\\\/schema\\\/person\\\/72f7296afeceebba242f8f36428a79ac\"},\"headline\":\"Christian Insam de retour \u00e0 Arriv\u00e9e unArriv\u00e9ed&rsquo;affaires sur les sentiers du Monte Rosa\",\"datePublished\":\"2019-03-31T04:38:57+00:00\",\"dateModified\":\"2020-11-14T21:52:52+00:00\",\"mainEntityOfPage\":{\"@id\":\"https:\\\/\\\/www.ultratourmonterosa.com\\\/fr\\\/christian-insam-de-retour-a-arrivee-unarriveedaffaires-sur-les-sentiers-du-monte-rosa\\\/\"},\"wordCount\":270,\"commentCount\":0,\"publisher\":{\"@id\":\"https:\\\/\\\/www.ultratourmonterosa.com\\\/#organization\"},\"articleSection\":[\"Blog\"],\"inLanguage\":\"fr-FR\",\"potentialAction\":[{\"@type\":\"CommentAction\",\"name\":\"Comment\",\"target\":[\"https:\\\/\\\/www.ultratourmonterosa.com\\\/fr\\\/christian-insam-de-retour-a-arrivee-unarriveedaffaires-sur-les-sentiers-du-monte-rosa\\\/#respond\"]}]},{\"@type\":\"WebPage\",\"@id\":\"https:\\\/\\\/www.ultratourmonterosa.com\\\/fr\\\/christian-insam-de-retour-a-arrivee-unarriveedaffaires-sur-les-sentiers-du-monte-rosa\\\/\",\"url\":\"https:\\\/\\\/www.ultratourmonterosa.com\\\/fr\\\/christian-insam-de-retour-a-arrivee-unarriveedaffaires-sur-les-sentiers-du-monte-rosa\\\/\",\"name\":\"Christian Insam de retour \u00e0 Arriv\u00e9e unArriv\u00e9ed'affaires sur les sentiers du Monte Rosa - Ultra Tour Monte Rosa\",\"isPartOf\":{\"@id\":\"https:\\\/\\\/www.ultratourmonterosa.com\\\/#website\"},\"datePublished\":\"2019-03-31T04:38:57+00:00\",\"dateModified\":\"2020-11-14T21:52:52+00:00\",\"breadcrumb\":{\"@id\":\"https:\\\/\\\/www.ultratourmonterosa.com\\\/fr\\\/christian-insam-de-retour-a-arrivee-unarriveedaffaires-sur-les-sentiers-du-monte-rosa\\\/#breadcrumb\"},\"inLanguage\":\"fr-FR\",\"potentialAction\":[{\"@type\":\"ReadAction\",\"target\":[\"https:\\\/\\\/www.ultratourmonterosa.com\\\/fr\\\/christian-insam-de-retour-a-arrivee-unarriveedaffaires-sur-les-sentiers-du-monte-rosa\\\/\"]}]},{\"@type\":\"BreadcrumbList\",\"@id\":\"https:\\\/\\\/www.ultratourmonterosa.com\\\/fr\\\/christian-insam-de-retour-a-arrivee-unarriveedaffaires-sur-les-sentiers-du-monte-rosa\\\/#breadcrumb\",\"itemListElement\":[{\"@type\":\"ListItem\",\"position\":1,\"name\":\"Home\",\"item\":\"https:\\\/\\\/www.ultratourmonterosa.com\\\/fr\\\/\"},{\"@type\":\"ListItem\",\"position\":2,\"name\":\"Christian Insam de retour \u00e0 Arriv\u00e9e unArriv\u00e9ed&rsquo;affaires sur les sentiers du Monte Rosa\"}]},{\"@type\":\"WebSite\",\"@id\":\"https:\\\/\\\/www.ultratourmonterosa.com\\\/#website\",\"url\":\"https:\\\/\\\/www.ultratourmonterosa.com\\\/\",\"name\":\"Ultra Tour Monte Rosa\",\"description\":\"4-7 september 2019\",\"publisher\":{\"@id\":\"https:\\\/\\\/www.ultratourmonterosa.com\\\/#organization\"},\"potentialAction\":[{\"@type\":\"SearchAction\",\"target\":{\"@type\":\"EntryPoint\",\"urlTemplate\":\"https:\\\/\\\/www.ultratourmonterosa.com\\\/?s={search_term_string}\"},\"query-input\":{\"@type\":\"PropertyValueSpecification\",\"valueRequired\":true,\"valueName\":\"search_term_string\"}}],\"inLanguage\":\"fr-FR\"},{\"@type\":\"Organization\",\"@id\":\"https:\\\/\\\/www.ultratourmonterosa.com\\\/#organization\",\"name\":\"Ultra Tour Monte Rosa\",\"url\":\"https:\\\/\\\/www.ultratourmonterosa.com\\\/\",\"logo\":{\"@type\":\"ImageObject\",\"inLanguage\":\"fr-FR\",\"@id\":\"https:\\\/\\\/www.ultratourmonterosa.com\\\/#\\\/schema\\\/logo\\\/image\\\/\",\"url\":\"https:\\\/\\\/www.ultratourmonterosa.com\\\/wp-content\\\/uploads\\\/2024\\\/09\\\/UTMR-logo-300px-1.png\",\"contentUrl\":\"https:\\\/\\\/www.ultratourmonterosa.com\\\/wp-content\\\/uploads\\\/2024\\\/09\\\/UTMR-logo-300px-1.png\",\"width\":300,\"height\":300,\"caption\":\"Ultra Tour Monte Rosa\"},\"image\":{\"@id\":\"https:\\\/\\\/www.ultratourmonterosa.com\\\/#\\\/schema\\\/logo\\\/image\\\/\"},\"sameAs\":[\"https:\\\/\\\/www.facebook.com\\\/UltraTourMonteRosa\\\/\",\"https:\\\/\\\/x.com\\\/UltraMonteRosa\"]},{\"@type\":\"Person\",\"@id\":\"https:\\\/\\\/www.ultratourmonterosa.com\\\/#\\\/schema\\\/person\\\/72f7296afeceebba242f8f36428a79ac\",\"name\":\"Lizzy Hawker\",\"image\":{\"@type\":\"ImageObject\",\"inLanguage\":\"fr-FR\",\"@id\":\"https:\\\/\\\/secure.gravatar.com\\\/avatar\\\/49119c02999c60354d638c5c1aada8a77102334e3410f021d65889dcbdd4b281?s=96&d=mm&r=g\",\"url\":\"https:\\\/\\\/secure.gravatar.com\\\/avatar\\\/49119c02999c60354d638c5c1aada8a77102334e3410f021d65889dcbdd4b281?s=96&d=mm&r=g\",\"contentUrl\":\"https:\\\/\\\/secure.gravatar.com\\\/avatar\\\/49119c02999c60354d638c5c1aada8a77102334e3410f021d65889dcbdd4b281?s=96&d=mm&r=g\",\"caption\":\"Lizzy Hawker\"},\"sameAs\":[\"http:\\\/\\\/www.ultratourmonterosa.com\\\/\"],\"url\":\"https:\\\/\\\/www.ultratourmonterosa.com\\\/fr\\\/author\\\/lizzy\\\/\"}]}<\/script>\n<!-- \/ Yoast SEO plugin. -->","yoast_head_json":{"title":"Christian Insam de retour \u00e0 Arriv\u00e9e unArriv\u00e9ed'affaires sur les sentiers du Monte Rosa - Ultra Tour Monte Rosa","robots":{"index":"index","follow":"follow","max-snippet":"max-snippet:-1","max-image-preview":"max-image-preview:large","max-video-preview":"max-video-preview:-1"},"canonical":"https:\/\/www.ultratourmonterosa.com\/fr\/christian-insam-de-retour-a-arrivee-unarriveedaffaires-sur-les-sentiers-du-monte-rosa\/","og_locale":"fr_FR","og_type":"article","og_title":"Christian Insam de retour \u00e0 Arriv\u00e9e unArriv\u00e9ed'affaires sur les sentiers du Monte Rosa - Ultra Tour Monte Rosa","og_description":"La Sportiva athl\u00e8te d&rsquo;\u00e9lite, Christian Insam, revient \u00e0 Arriv\u00e9e unArriv\u00e9eed business sur les sentiers du Mont Rose ! Bonne chance, \u00e0 bient\u00f4t en septembre ! &nbsp; &nbsp; Apr\u00e8s mon retrait l&rsquo;ann\u00e9e derni\u00e8re au km 120, ma premi\u00e8re pens\u00e9e a \u00e9t\u00e9 de revenir d\u00e9finitivement pour conclure le parcours autour du Monte Rosa ! L&rsquo;envie de revenir [&hellip;]","og_url":"https:\/\/www.ultratourmonterosa.com\/fr\/christian-insam-de-retour-a-arrivee-unarriveedaffaires-sur-les-sentiers-du-monte-rosa\/","og_site_name":"Ultra Tour Monte Rosa","article_publisher":"https:\/\/www.facebook.com\/UltraTourMonteRosa\/","article_published_time":"2019-03-31T04:38:57+00:00","article_modified_time":"2020-11-14T21:52:52+00:00","author":"Lizzy Hawker","twitter_card":"summary_large_image","twitter_creator":"@UltraMonteRosa","twitter_site":"@UltraMonteRosa","twitter_misc":{"\u00c9crit par":"Lizzy Hawker","Dur\u00e9e de lecture estim\u00e9e":"1 minute"},"schema":{"@context":"https:\/\/schema.org","@graph":[{"@type":"Article","@id":"https:\/\/www.ultratourmonterosa.com\/fr\/christian-insam-de-retour-a-arrivee-unarriveedaffaires-sur-les-sentiers-du-monte-rosa\/#article","isPartOf":{"@id":"https:\/\/www.ultratourmonterosa.com\/fr\/christian-insam-de-retour-a-arrivee-unarriveedaffaires-sur-les-sentiers-du-monte-rosa\/"},"author":{"name":"Lizzy Hawker","@id":"https:\/\/www.ultratourmonterosa.com\/#\/schema\/person\/72f7296afeceebba242f8f36428a79ac"},"headline":"Christian Insam de retour \u00e0 Arriv\u00e9e unArriv\u00e9ed&rsquo;affaires sur les sentiers du Monte Rosa","datePublished":"2019-03-31T04:38:57+00:00","dateModified":"2020-11-14T21:52:52+00:00","mainEntityOfPage":{"@id":"https:\/\/www.ultratourmonterosa.com\/fr\/christian-insam-de-retour-a-arrivee-unarriveedaffaires-sur-les-sentiers-du-monte-rosa\/"},"wordCount":270,"commentCount":0,"publisher":{"@id":"https:\/\/www.ultratourmonterosa.com\/#organization"},"articleSection":["Blog"],"inLanguage":"fr-FR","potentialAction":[{"@type":"CommentAction","name":"Comment","target":["https:\/\/www.ultratourmonterosa.com\/fr\/christian-insam-de-retour-a-arrivee-unarriveedaffaires-sur-les-sentiers-du-monte-rosa\/#respond"]}]},{"@type":"WebPage","@id":"https:\/\/www.ultratourmonterosa.com\/fr\/christian-insam-de-retour-a-arrivee-unarriveedaffaires-sur-les-sentiers-du-monte-rosa\/","url":"https:\/\/www.ultratourmonterosa.com\/fr\/christian-insam-de-retour-a-arrivee-unarriveedaffaires-sur-les-sentiers-du-monte-rosa\/","name":"Christian Insam de retour \u00e0 Arriv\u00e9e unArriv\u00e9ed'affaires sur les sentiers du Monte Rosa - Ultra Tour Monte Rosa","isPartOf":{"@id":"https:\/\/www.ultratourmonterosa.com\/#website"},"datePublished":"2019-03-31T04:38:57+00:00","dateModified":"2020-11-14T21:52:52+00:00","breadcrumb":{"@id":"https:\/\/www.ultratourmonterosa.com\/fr\/christian-insam-de-retour-a-arrivee-unarriveedaffaires-sur-les-sentiers-du-monte-rosa\/#breadcrumb"},"inLanguage":"fr-FR","potentialAction":[{"@type":"ReadAction","target":["https:\/\/www.ultratourmonterosa.com\/fr\/christian-insam-de-retour-a-arrivee-unarriveedaffaires-sur-les-sentiers-du-monte-rosa\/"]}]},{"@type":"BreadcrumbList","@id":"https:\/\/www.ultratourmonterosa.com\/fr\/christian-insam-de-retour-a-arrivee-unarriveedaffaires-sur-les-sentiers-du-monte-rosa\/#breadcrumb","itemListElement":[{"@type":"ListItem","position":1,"name":"Home","item":"https:\/\/www.ultratourmonterosa.com\/fr\/"},{"@type":"ListItem","position":2,"name":"Christian Insam de retour \u00e0 Arriv\u00e9e unArriv\u00e9ed&rsquo;affaires sur les sentiers du Monte Rosa"}]},{"@type":"WebSite","@id":"https:\/\/www.ultratourmonterosa.com\/#website","url":"https:\/\/www.ultratourmonterosa.com\/","name":"Ultra Tour Monte Rosa","description":"4-7 september 2019","publisher":{"@id":"https:\/\/www.ultratourmonterosa.com\/#organization"},"potentialAction":[{"@type":"SearchAction","target":{"@type":"EntryPoint","urlTemplate":"https:\/\/www.ultratourmonterosa.com\/?s={search_term_string}"},"query-input":{"@type":"PropertyValueSpecification","valueRequired":true,"valueName":"search_term_string"}}],"inLanguage":"fr-FR"},{"@type":"Organization","@id":"https:\/\/www.ultratourmonterosa.com\/#organization","name":"Ultra Tour Monte Rosa","url":"https:\/\/www.ultratourmonterosa.com\/","logo":{"@type":"ImageObject","inLanguage":"fr-FR","@id":"https:\/\/www.ultratourmonterosa.com\/#\/schema\/logo\/image\/","url":"https:\/\/www.ultratourmonterosa.com\/wp-content\/uploads\/2024\/09\/UTMR-logo-300px-1.png","contentUrl":"https:\/\/www.ultratourmonterosa.com\/wp-content\/uploads\/2024\/09\/UTMR-logo-300px-1.png","width":300,"height":300,"caption":"Ultra Tour Monte Rosa"},"image":{"@id":"https:\/\/www.ultratourmonterosa.com\/#\/schema\/logo\/image\/"},"sameAs":["https:\/\/www.facebook.com\/UltraTourMonteRosa\/","https:\/\/x.com\/UltraMonteRosa"]},{"@type":"Person","@id":"https:\/\/www.ultratourmonterosa.com\/#\/schema\/person\/72f7296afeceebba242f8f36428a79ac","name":"Lizzy Hawker","image":{"@type":"ImageObject","inLanguage":"fr-FR","@id":"https:\/\/secure.gravatar.com\/avatar\/49119c02999c60354d638c5c1aada8a77102334e3410f021d65889dcbdd4b281?s=96&d=mm&r=g","url":"https:\/\/secure.gravatar.com\/avatar\/49119c02999c60354d638c5c1aada8a77102334e3410f021d65889dcbdd4b281?s=96&d=mm&r=g","contentUrl":"https:\/\/secure.gravatar.com\/avatar\/49119c02999c60354d638c5c1aada8a77102334e3410f021d65889dcbdd4b281?s=96&d=mm&r=g","caption":"Lizzy Hawker"},"sameAs":["http:\/\/www.ultratourmonterosa.com\/"],"url":"https:\/\/www.ultratourmonterosa.com\/fr\/author\/lizzy\/"}]}},"jetpack_featured_media_url":"","jetpack_shortlink":"https:\/\/wp.me\/p4DSVg-aWy","jetpack_sharing_enabled":true,"_links":{"self":[{"href":"https:\/\/www.ultratourmonterosa.com\/fr\/wp-json\/wp\/v2\/posts\/42070","targetHints":{"allow":["GET"]}}],"collection":[{"href":"https:\/\/www.ultratourmonterosa.com\/fr\/wp-json\/wp\/v2\/posts"}],"about":[{"href":"https:\/\/www.ultratourmonterosa.com\/fr\/wp-json\/wp\/v2\/types\/post"}],"author":[{"embeddable":true,"href":"https:\/\/www.ultratourmonterosa.com\/fr\/wp-json\/wp\/v2\/users\/2"}],"replies":[{"embeddable":true,"href":"https:\/\/www.ultratourmonterosa.com\/fr\/wp-json\/wp\/v2\/comments?post=42070"}],"version-history":[{"count":1,"href":"https:\/\/www.ultratourmonterosa.com\/fr\/wp-json\/wp\/v2\/posts\/42070\/revisions"}],"predecessor-version":[{"id":42074,"href":"https:\/\/www.ultratourmonterosa.com\/fr\/wp-json\/wp\/v2\/posts\/42070\/revisions\/42074"}],"wp:attachment":[{"href":"https:\/\/www.ultratourmonterosa.com\/fr\/wp-json\/wp\/v2\/media?parent=42070"}],"wp:term":[{"taxonomy":"category","embeddable":true,"href":"https:\/\/www.ultratourmonterosa.com\/fr\/wp-json\/wp\/v2\/categories?post=42070"},{"taxonomy":"post_tag","embeddable":true,"href":"https:\/\/www.ultratourmonterosa.com\/fr\/wp-json\/wp\/v2\/tags?post=42070"}],"curies":[{"name":"wp","href":"https:\/\/api.w.org\/{rel}","templated":true}]}}