{"id":42135,"date":"2020-02-08T05:21:28","date_gmt":"2020-02-07T23:36:28","guid":{"rendered":"https:\/\/www.ultratourmonterosa.com\/roman-evarts-sur-son-experience-de-lutmr-en-2019\/"},"modified":"2020-11-15T07:06:00","modified_gmt":"2020-11-15T01:21:00","slug":"roman-evarts-sur-son-experience-de-lutmr-en-2019","status":"publish","type":"post","link":"https:\/\/www.ultratourmonterosa.com\/fr\/roman-evarts-sur-son-experience-de-lutmr-en-2019\/","title":{"rendered":"Roman Evarts sur son exp\u00e9rience de l&rsquo;UTMR en 2019"},"content":{"rendered":"<p><strong>L&rsquo;athl\u00e8te d&rsquo;\u00e9lite Roman Evarts, 6\u00e8me place \u00e0 l&rsquo;UTMB 2018, donne un aper\u00e7u de son exp\u00e9rience \u00e0 l&rsquo;Ultra Tour Monte Rosa 2019. Il est heureux de revenir pour la course de 2020. Bonne chance Roman ! <\/strong><\/p>\n<p>Vous pouvez le retrouver sur Facebook \u00e0 l&rsquo;adresse <a href=\"https:\/\/www.facebook.com\/romans.evarts\" target=\"_blank\" rel=\"noopener noreferrer\">https:\/\/www.facebook.com\/romans.evarts<\/a> &amp; ; suivez ses r\u00e9sultats <a href=\"https:\/\/itra.run\/community\/romans.evarts\/394036\/11059\/\" target=\"_blank\" rel=\"noopener noreferrer\">sur sa page ITRA<\/a>.<\/p>\n<h3>Des choix, des choix&#8230;<\/h3>\n<p>La fin de l&rsquo;\u00e9t\u00e9 pour de nombreux amateurs de course d&rsquo;ultra-trail est le moment de lacer les chaussures pour une course longue et \u00e9pique. Pas de doute, la fin du mois d&rsquo;ao\u00fbt ou le d\u00e9but du mois de septembre est la meilleure p\u00e9riode pour entreprendre des parcours montagneux de 100 miles. Il ne fait plus chaud et il y a tout le temps pendant les mois d&rsquo;\u00e9t\u00e9 pour faire de longues et amusantes descentes en montagne afin de se pr\u00e9parer pour une grande journ\u00e9e.<\/p>\n<p>Beaucoup d&rsquo;entre vous visent <a href=\"https:\/\/utmbmontblanc.com\/en\/UTMB\" target=\"_blank\" rel=\"noopener noreferrer\">UTMB<\/a> et cela vaut vraiment la peine d&rsquo;essayer. C&rsquo;est une exp\u00e9rience tr\u00e8s agr\u00e9able pour ceux qui s&rsquo;attaquent \u00e0 leurs 100 premiers milers. Les pistes ne sont pas tr\u00e8s techniques ; il y a beaucoup de points de contr\u00f4le avec une riche s\u00e9lection de nourriture et m\u00eame des possibilit\u00e9s de dormir au milieu de la distance. Mais ce qu&rsquo;il y a de mieux \u00e0 l&rsquo;UTMB, c&rsquo;est la pr\u00e9sence d&rsquo;une poign\u00e9e de coureurs qui peuvent vous donner un coup de fouet et vous remonter le moral dans les moments difficiles. Ou vous tuer \u00e0 leur rythme &#8211; oui. Faites preuve d&rsquo;intelligence lorsque vous cherchez des amis sur les sentiers !<\/p>\n<p>J&rsquo;ai fait l&rsquo;UTMB deux fois. La premi\u00e8re fois que j&rsquo;y suis all\u00e9, je n&rsquo;avais pas beaucoup d&rsquo;attentes, pas beaucoup d&rsquo;entra\u00eenement et pendant la majeure partie de la course, j&rsquo;ai appr\u00e9ci\u00e9 la compagnie des francophones sans savoir de quoi ils parlaient. En terminant la 35e, je me suis rendu compte que je dois faire plus de 6 semaines de formation au pr\u00e9alable et peut-\u00eatre apprendre un peu de fran\u00e7ais. Ma deuxi\u00e8me tentative en 2018 s&rsquo;est mieux pass\u00e9e et j&rsquo;ai termin\u00e9 6e. C&rsquo;est fini, plus d&rsquo;UTMB pour moi, car j&rsquo;ai explor\u00e9 les m\u00eames pistes deux fois et j&rsquo;ai particip\u00e9 au c\u00f4t\u00e9 comp\u00e9titif de l&rsquo;\u00e9v\u00e9nement \u00e9galement. Il est temps de passer \u00e0 autre chose !<\/p>\n<p>L&rsquo;UTMR est devenu mon choix pour 2019 car il r\u00e9pondait \u00e0 tous les crit\u00e8res que j&rsquo;avais fix\u00e9s pour un 100 milers :<\/p>\n<ul>\n<li>Pas pendant les chauds mois d&rsquo;\u00e9t\u00e9 (je d\u00e9teste courir sous la chaleur)<\/li>\n<li>Dans les Alpes (le meilleur endroit pour moi)<\/li>\n<li>Technique (tr\u00e9bucher et tr\u00e9bucher est la solution)<\/li>\n<li>Forte (j&rsquo;aime la marche en puissance)<\/li>\n<li>Cours de circumnavigation (j&rsquo;aime faire des rondes)<\/li>\n<li>Facilit\u00e9 d&rsquo;inscription (je ne supporte pas de devoir d\u00e9cider de l&rsquo;inscription 6 mois \u00e0 l&rsquo;avance ou de planifier des qualifications)<\/li>\n<\/ul>\n<p>&nbsp;<\/p>\n<p>Tout semblait parfait et le fait que la directrice de course <a href=\"https:\/\/lizzyhawker.com\/\" target=\"_blank\" rel=\"noopener noreferrer\">Lizzy Hawker<\/a> affirme que le parcours est plus exigeant que celui de l&rsquo;UTMB sonnait encore mieux.<\/p>\n<h3>La course de l&rsquo;UTMR 2019<\/h3>\n<p><a href=\"https:\/\/www.graechen.ch\/en\" target=\"_blank\" rel=\"noopener noreferrer\">Gr\u00e4chen<\/a>, un <a href=\"https:\/\/www.google.com\/maps\/place\/3925+Gr%C3%A4chen,+Switzerland\/@46.1967697,7.2853768,9z\/data=!4m5!3m4!1s0x478f409252a3e161:0x83a1393efeed2a3c!8m2!3d46.1965853!4d7.8397911\" target=\"_blank\" rel=\"noopener noreferrer\">petit village suisse<\/a> situ\u00e9 au-dessus de la vall\u00e9e menant \u00e0 Zermatt et au l\u00e9gendaire Cervin, est le point de d\u00e9part de l&rsquo;UTMR.<\/p>\n<p>Les coureurs font la queue dans le b\u00e2timent de la communaut\u00e9 locale pour obtenir des dossards et passer le contr\u00f4le de l&rsquo;\u00e9quipement. Cette course n&rsquo;a pas le battage publicitaire excessif de l&rsquo;UTMB et la plupart des gens sont super d\u00e9tendus et tr\u00e8s amicaux : ils sont l\u00e0 pour s&rsquo;amuser plut\u00f4t que de battre la merde des autres afin d&rsquo;obtenir une reconnaissance et l&rsquo;attention de sponsors potentiels. J&rsquo;ai eu mon num\u00e9ro \u00ab\u00a069\u00a0\u00bb et j&rsquo;\u00e9tais pr\u00eat \u00e0 aller manger et dormir avant un d\u00e9part \u00e0 4 heures du matin.<\/p>\n<p>Apr\u00e8s une bonne nuit de sommeil, moi et quelques centaines d&rsquo;autres enthousiastes sommes pr\u00eats \u00e0 trouver leur chemin autour du Monte Rosa. La course nous m\u00e8nera en Italie et en Suisse en contournant la boucle de randonn\u00e9e autour de l&rsquo;un des plus grands ensembles de sommets des Alpes. La cloche sonne et c&rsquo;est parti. Je m\u00e8ne la course avec quelques autres gars, dont Brit <a href=\"http:\/\/www.damianhall.info\/\" target=\"_blank\" rel=\"noopener noreferrer\">Damian Hall<\/a>, qui a termin\u00e9 quelques minutes avant moi l&rsquo;ann\u00e9e pr\u00e9c\u00e9dente \u00e0 l&rsquo;UTMB et il est certainement l&rsquo;un des plus forts pr\u00e9tendants ici. Nous sommes \u00e0 15 km et il y a une premi\u00e8re grande mont\u00e9e. Je suis en train de mourir &#8211; mes jambes sont inutiles et ne veulent pas monter une colline raide. Tous les autres poussent fort et me laissent seul dans l&rsquo;obscurit\u00e9. En me battant pour monter, j&rsquo;ai atteint le sommet quand les premiers rayons de soleil ont commenc\u00e9 \u00e0 percer &#8211; mais attendez une minute &#8211; o\u00f9 est le soleil ? Toute la vall\u00e9e a \u00e9t\u00e9 couverte de nuages noirs et \u00e9pais et un front m\u00e9t\u00e9orologique s&rsquo;approchait tr\u00e8s rapidement. J&rsquo;ai eu quelques gouttes de pluie et quelques flocons de neige dans l&rsquo;heure qui a suivi. Au moins, ce n&rsquo;est pas chaud.<\/p>\n<p>L&rsquo;\u00e9tape suivante consistait en une piste technique roulante traversant le flanc de la montagne sur environ 20 km. Le plaisir de courir sur un terrain technique m&rsquo;a remis dans l&rsquo;ambiance de la course et j&rsquo;\u00e9tais excit\u00e9. Peut-\u00eatre surexcit\u00e9. J&rsquo;ai tr\u00e9buch\u00e9 sur une grosse pierre et j&rsquo;ai atterri sur le genou. Le genou \u00e9tait mal en point avant la course &#8211; gonfl\u00e9 et plein de liquide &#8211; je l&rsquo;avais cass\u00e9 deux semaines auparavant. Eh bien, ma routine de course m&#8217;emmenait toujours sur le genre de terrain o\u00f9 il est essentiel de savoir tr\u00e9bucher. J&rsquo;ai pris le temps de pleurer un peu et de r\u00e9\u00e9valuer la situation. Le genou \u00e9tait encore enfl\u00e9 et a \u00e9t\u00e9 am\u00e9lior\u00e9 par une blessure sanglante. Essayer de continuer \u00e9tait une bonne d\u00e9cision, car la blessure n&rsquo;\u00e9tait pas si grave et apr\u00e8s avoir boit\u00e9 quelques centaines de pas, j&rsquo;\u00e9tais de nouveau en forme pour faire du jogging. Apr\u00e8s avoir couru sur le plus long pont suspendu du monde, j&rsquo;ai oubli\u00e9 mon mauvais genou.<\/p>\n<p>40 km plus loin, je me suis approch\u00e9 de Zermatt. Mon \u00e9quipe de soutien \u00e9tait l\u00e0 avec toutes les d\u00e9licieuses friandises et les adieux, car Zermatt \u00e9tait le seul endroit o\u00f9 nous avons r\u00e9ussi \u00e0 organiser le transport.<\/p>\n<p><a href=\"http:\/\/www.tmr-matterhorn.ch\/en\/home.html\" target=\"_blank\" rel=\"noopener noreferrer\">La tourn\u00e9e de Monte Rosa<\/a> est d\u00e9licate en termes de logistique et je recommande vivement d&rsquo;envoyer toute la nourriture\/\u00e9quipement n\u00e9cessaire avec les sacs de d\u00e9p\u00f4t aux km 82, 102, 128. M\u00eame si vous avez une \u00e9quipe de soutien avec une voiture, il se peut qu&rsquo;elle n&rsquo;arrive pas \u00e0 temps pour vous rencontrer aux points de contr\u00f4le.<\/p>\n<p>Zermatt est une destination de vacances et est surtout c\u00e9l\u00e8bre pour sa vue imprenable sur le Cervin, un pic \u00e9pique situ\u00e9 \u00e0 l&rsquo;arri\u00e8re-plan du village. Si le ciel est d\u00e9gag\u00e9, vous pouvez le voir de partout dans la vall\u00e9e. Pendant notre course, la m\u00e9t\u00e9o n&rsquo;\u00e9tait pas tr\u00e8s bonne et je suppose que personne n&rsquo;a vu le Cervin ce jour-l\u00e0. M\u00eame la course jusqu&rsquo;\u00e0 3300m ne nous a pas permis d&rsquo;apercevoir la montagne. Cette mont\u00e9e particuli\u00e8re de Zermatt \u00e0 Teodulo, (la cabane \u00e0 la fronti\u00e8re entre la Suisse et l&rsquo;Italie) \u00e9tait raide et avec un glacier dessus. Nous avons enfil\u00e9 nos micro-piques et avons pass\u00e9 une bonne quarantaine de minutes \u00e0 remonter le glacier pour discuter avec un autre coureur, Jason, qui m&rsquo;a rattrap\u00e9 en chemin.<\/p>\n<div id=\"attachment_35987\" style=\"width: 1034px\" class=\"wp-caption aligncenter\"><a class=\"single_photoswipe\" href=\"https:\/\/www.ultratourmonterosa.com\/wp-content\/uploads\/2020\/02\/UTMR-glacier-teodul.jpg\" data-size=\"1600x1066\"><img loading=\"lazy\" decoding=\"async\" aria-describedby=\"caption-attachment-35987\" class=\"wp-image-35987 size-large\" src=\"https:\/\/www.ultratourmonterosa.com\/wp-content\/uploads\/2020\/02\/UTMR-glacier-teodul-1024x682.jpg\" alt=\"coureurs traversant le glacier Theodul, Tour du Mont Rose\" width=\"1024\" height=\"682\" srcset=\"https:\/\/www.ultratourmonterosa.com\/wp-content\/uploads\/2020\/02\/UTMR-glacier-teodul-1024x682.jpg 1024w, https:\/\/www.ultratourmonterosa.com\/wp-content\/uploads\/2020\/02\/UTMR-glacier-teodul-300x200.jpg 300w, https:\/\/www.ultratourmonterosa.com\/wp-content\/uploads\/2020\/02\/UTMR-glacier-teodul-768x512.jpg 768w, https:\/\/www.ultratourmonterosa.com\/wp-content\/uploads\/2020\/02\/UTMR-glacier-teodul-1536x1023.jpg 1536w, https:\/\/www.ultratourmonterosa.com\/wp-content\/uploads\/2020\/02\/UTMR-glacier-teodul-100x67.jpg 100w, https:\/\/www.ultratourmonterosa.com\/wp-content\/uploads\/2020\/02\/UTMR-glacier-teodul-70x47.jpg 70w, https:\/\/www.ultratourmonterosa.com\/wp-content\/uploads\/2020\/02\/UTMR-glacier-teodul-105x70.jpg 105w, https:\/\/www.ultratourmonterosa.com\/wp-content\/uploads\/2020\/02\/UTMR-glacier-teodul-50x33.jpg 50w, https:\/\/www.ultratourmonterosa.com\/wp-content\/uploads\/2020\/02\/UTMR-glacier-teodul-75x50.jpg 75w, https:\/\/www.ultratourmonterosa.com\/wp-content\/uploads\/2020\/02\/UTMR-glacier-teodul-200x133.jpg 200w, https:\/\/www.ultratourmonterosa.com\/wp-content\/uploads\/2020\/02\/UTMR-glacier-teodul.jpg 1600w\" sizes=\"auto, (max-width: 1024px) 100vw, 1024px\" \/><\/a><p id=\"caption-attachment-35987\" class=\"wp-caption-text\">La travers\u00e9e des glaciers !<\/p><\/div>\n<p>L&rsquo;Italie nous a accueillis avec un rayon de soleil timide et quelques vues \u00e9piques sur la vall\u00e9e. Nous avons couru sur les pistes de ski de Cervinia et j&rsquo;ai ressenti un regain de motivation apr\u00e8s avoir mang\u00e9 quelques cr\u00eapes au prochain point de contr\u00f4le. Je me suis r\u00e9joui de mon retour \u00e0 la course et j&rsquo;ai pens\u00e9 qu&rsquo;il \u00e9tait peut-\u00eatre temps de mettre un peu de pression sur le peloton avant. Je me sentais vraiment bien pour les 30 km suivants et m\u00eame la pluie ne m&rsquo;a pas d\u00e9motiv\u00e9.<\/p>\n<p>Quand je suis arriv\u00e9 au poste de contr\u00f4le de Gressoney (km 82), j&rsquo;ai vu Damian, qui se promenait en pyjama. C&rsquo;est vrai, je me suis dit qu&rsquo;en tant que vrai Britannique, il a probablement eu peur du mauvais temps et a d\u00e9cid\u00e9 de se retirer. Il s&rsquo;est av\u00e9r\u00e9 que les officiels de la course avaient pris la d\u00e9cision d&rsquo;arr\u00eater la course en s&rsquo;attendant \u00e0 des temp\u00eates de neige lors des prochaines \u00e9tapes de la course.<\/p>\n<p>Ok, et ensuite ? Oui ! La premi\u00e8re chose que tout coureur devrait faire est de pr\u00e9tendre qu&rsquo;il est tr\u00e8s triste de cette d\u00e9cision : \u00ab\u00a0La course n&rsquo;a commenc\u00e9 que pour moi et je gardais l&rsquo;\u00e9nergie pour la derni\u00e8re partie de la course\u00a0\u00bb. C&rsquo;est vrai. Tout le monde \u00e9tait content de finir. 82 km, c&rsquo;est une bonne partie de course et personnellement, j&rsquo;\u00e9tais tr\u00e8s heureux de finir la course et de recevoir ma dose hebdomadaire de Nutella en une seule fois. Tous les participants ont pass\u00e9 un bon moment ensemble en attendant le transfert de retour aux Gr\u00e4chen ; ils ont encourag\u00e9 les nouveaux arrivants, se sont fait de nouveaux amis et ont d\u00e9gust\u00e9 de d\u00e9licieux plats. J&rsquo;ai aim\u00e9 cette p\u00e9riode plus que le temps pass\u00e9 debout. Ok, je ne suis probablement pas un vrai coureur.<\/p>\n<p>Un 100 miler est un engagement important et la plupart d&rsquo;entre nous passent des mois et des mois \u00e0 se mettre en forme pour atteindre cet objectif sp\u00e9cifique. Il est normal d&rsquo;\u00eatre triste de la d\u00e9cision de quelqu&rsquo;un d&rsquo;arr\u00eater la course alors que tout ce que vous voulez, c&rsquo;est \u00eatre l\u00e0, \u00e0 faire de votre mieux. Malheureusement, les montagnes ne sont pas la mafia italienne \u00e0 laquelle vous pouvez faire face en utilisant vos comp\u00e9tences en mati\u00e8re de communication, vos relations ou votre argent. Les montagnes vont vous tuer m\u00eame si les organisateurs de la course ont tout l&rsquo;argent du monde ou peuvent effectuer des rituels m\u00e9t\u00e9orologiques \u00e9tranges impliquant des chamans et des pandas sib\u00e9riens. (Tous les rituels avec les pandas fonctionnent toujours). Un bon appel pour arr\u00eater l&rsquo;UTMR 2019 !<\/p>\n<p>Vous n&rsquo;allez certainement pas vous faire d\u00e9foncer par des milliers d&rsquo;\u00e9trangers \u00e0 la ligne d&rsquo;arriv\u00e9e comme \u00e0 l&rsquo;UTMB. Mais vous allez probablement vous faire de nouveaux amis, car l&rsquo;ambiance de l&rsquo;\u00e9v\u00e9nement est tr\u00e8s amicale et tr\u00e8s d\u00e9tendue, avec beaucoup de temps et d&rsquo;occasions de parler aux autres coureurs qui participeront au d\u00e9fi.<\/p>\n<p>Mais il faut s&rsquo;entra\u00eener. L&rsquo;UTMR est difficile et plus technique que l&rsquo;UTMB. Vous ne pouvez pas descendre les pentes ici les yeux ferm\u00e9s &#8211; c&rsquo;est certain.<\/p>\n<p>Vous n&rsquo;avez pas \u00e0 vous soucier des points de qualification et des r\u00e9sultats des scrutins. La course est encore \u00e0 quelques ann\u00e9es d&rsquo;\u00eatre surpeupl\u00e9e et les dossards sont facilement disponibles.<\/p>\n<p>Vous pouvez choisir quelques autres options en plus des 100 miles pour explorer les sentiers et la r\u00e9gion :<\/p>\n<p>&#8211; <a href=\"https:\/\/www.ultratourmonterosa.com\/4-stage-race-info\/\">Courir 100 miles en 4 \u00e9tapes comme une course de plusieurs jours<\/a><\/p>\n<p>&#8211; <a href=\"https:\/\/www.ultratourmonterosa.com\/ultra\/\" target=\"_blank\" rel=\"noopener noreferrer\">Course de 100 km, partie du parcours du \u00ab\u00a0tour complet\u00a0\u00bb<\/a><\/p>\n<p>&#8211; <a href=\"https:\/\/www.graechenberglauf.ch\/\" target=\"_blank\" rel=\"noopener noreferrer\">Course de 23 km<\/a>, id\u00e9al pour les membres de l&rsquo;\u00e9quipe de soutien apr\u00e8s l&rsquo;\u00e9v\u00e9nement principal<\/p>\n<div id=\"attachment_35983\" style=\"width: 730px\" class=\"wp-caption aligncenter\"><a class=\"single_photoswipe\" href=\"https:\/\/www.ultratourmonterosa.com\/wp-content\/uploads\/2020\/02\/UTMR-81-km-race.jpg\" data-size=\"720x960\"><img loading=\"lazy\" decoding=\"async\" aria-describedby=\"caption-attachment-35983\" class=\"wp-image-35983 size-full\" src=\"https:\/\/www.ultratourmonterosa.com\/wp-content\/uploads\/2020\/02\/UTMR-81-km-race.jpg\" alt=\"\" width=\"720\" height=\"960\" srcset=\"https:\/\/www.ultratourmonterosa.com\/wp-content\/uploads\/2020\/02\/UTMR-81-km-race.jpg 720w, https:\/\/www.ultratourmonterosa.com\/wp-content\/uploads\/2020\/02\/UTMR-81-km-race-225x300.jpg 225w, https:\/\/www.ultratourmonterosa.com\/wp-content\/uploads\/2020\/02\/UTMR-81-km-race-100x133.jpg 100w, https:\/\/www.ultratourmonterosa.com\/wp-content\/uploads\/2020\/02\/UTMR-81-km-race-70x93.jpg 70w, https:\/\/www.ultratourmonterosa.com\/wp-content\/uploads\/2020\/02\/UTMR-81-km-race-53x70.jpg 53w, https:\/\/www.ultratourmonterosa.com\/wp-content\/uploads\/2020\/02\/UTMR-81-km-race-50x67.jpg 50w, https:\/\/www.ultratourmonterosa.com\/wp-content\/uploads\/2020\/02\/UTMR-81-km-race-38x50.jpg 38w, https:\/\/www.ultratourmonterosa.com\/wp-content\/uploads\/2020\/02\/UTMR-81-km-race-200x267.jpg 200w\" sizes=\"auto, (max-width: 720px) 100vw, 720px\" \/><\/a><p id=\"caption-attachment-35983\" class=\"wp-caption-text\">Les gagnants de 2019 !<\/p><\/div>\n<p>Conseil : Vous <strong>doit<\/strong> prendre le kit obligatoire et envisager de prendre en plus le kit recommand\u00e9 sugg\u00e9r\u00e9 par les organisateurs. La deuxi\u00e8me partie se d\u00e9roule dans des montagnes froides, sombres et grandes et une couche suppl\u00e9mentaire de chaleur peut sauver votre motivation et peut-\u00eatre la vie.<\/p>\n<p>Vous n&rsquo;avez pas \u00e0 vous soucier des micro piques, si elles sont n\u00e9cessaires (selon les conditions du glacier), les organisateurs les louent pour un petit prix avant la course.<\/p>\n<p>Pour toutes les raisons que j&rsquo;ai mentionn\u00e9es ci-dessus, et surtout parce que j&rsquo;aime faire des tourn\u00e9es et des affaires non termin\u00e9es, je vais y retourner en 2020. J&rsquo;esp\u00e8re que le temps s&rsquo;am\u00e9liorera et que la vue sur le Cervin s&rsquo;am\u00e9liorera cette fois-ci ! J&rsquo;esp\u00e8re vous y voir !<\/p>\n","protected":false},"excerpt":{"rendered":"<p>L&rsquo;athl\u00e8te d&rsquo;\u00e9lite Roman Evarts, 6\u00e8me place \u00e0 l&rsquo;UTMB 2018, donne un aper\u00e7u de son exp\u00e9rience \u00e0 l&rsquo;Ultra Tour Monte Rosa 2019. Il est heureux de revenir pour la course de 2020. Bonne chance Roman ! Vous pouvez le retrouver sur Facebook \u00e0 l&rsquo;adresse https:\/\/www.facebook.com\/romans.evarts &amp; ; suivez ses r\u00e9sultats sur sa page ITRA. Des choix, [&hellip;]<\/p>\n","protected":false},"author":5,"featured_media":0,"comment_status":"open","ping_status":"open","sticky":false,"template":"","format":"standard","meta":{"_acf_changed":false,"jetpack_post_was_ever_published":false,"_jetpack_newsletter_access":"","_jetpack_dont_email_post_to_subs":false,"_jetpack_newsletter_tier_id":0,"_jetpack_memberships_contains_paywalled_content":false,"_jetpack_memberships_contains_paid_content":false,"footnotes":"","_wp_rev_ctl_limit":""},"categories":[109],"tags":[116,194,56,195,196],"class_list":["post-42135","post","type-post","status-publish","format-standard","hentry","category-ultra-170-km","tag-100-miles-en-europe","tag-evarts-romains","tag-tour-monte-rosa-fr","tag-utmr2019-fr","tag-utmr2020-fr"],"acf":[],"yoast_head":"<!-- This site is optimized with the Yoast SEO plugin v27.5 - https:\/\/yoast.com\/product\/yoast-seo-wordpress\/ -->\n<title>Roman Evarts sur son exp\u00e9rience de l&#039;UTMR en 2019 - Ultra Tour Monte Rosa<\/title>\n<meta name=\"robots\" content=\"index, follow, max-snippet:-1, max-image-preview:large, max-video-preview:-1\" \/>\n<link rel=\"canonical\" href=\"https:\/\/www.ultratourmonterosa.com\/fr\/roman-evarts-sur-son-experience-de-lutmr-en-2019\/\" \/>\n<meta property=\"og:locale\" content=\"fr_FR\" \/>\n<meta property=\"og:type\" content=\"article\" \/>\n<meta property=\"og:title\" content=\"Roman Evarts sur son exp\u00e9rience de l&#039;UTMR en 2019 - Ultra Tour Monte Rosa\" \/>\n<meta property=\"og:description\" content=\"L&rsquo;athl\u00e8te d&rsquo;\u00e9lite Roman Evarts, 6\u00e8me place \u00e0 l&rsquo;UTMB 2018, donne un aper\u00e7u de son exp\u00e9rience \u00e0 l&rsquo;Ultra Tour Monte Rosa 2019. Il est heureux de revenir pour la course de 2020. Bonne chance Roman ! Vous pouvez le retrouver sur Facebook \u00e0 l&rsquo;adresse https:\/\/www.facebook.com\/romans.evarts &amp; ; suivez ses r\u00e9sultats sur sa page ITRA. Des choix, [&hellip;]\" \/>\n<meta property=\"og:url\" content=\"https:\/\/www.ultratourmonterosa.com\/fr\/roman-evarts-sur-son-experience-de-lutmr-en-2019\/\" \/>\n<meta property=\"og:site_name\" content=\"Ultra Tour Monte Rosa\" \/>\n<meta property=\"article:publisher\" content=\"https:\/\/www.facebook.com\/UltraTourMonteRosa\/\" \/>\n<meta property=\"article:published_time\" content=\"2020-02-07T23:36:28+00:00\" \/>\n<meta property=\"article:modified_time\" content=\"2020-11-15T01:21:00+00:00\" \/>\n<meta property=\"og:image\" content=\"https:\/\/www.ultratourmonterosa.com\/wp-content\/uploads\/2020\/02\/UTMR-glacier-teodul-1024x682.jpg\" \/>\n<meta name=\"author\" content=\"UTMR Admin\" \/>\n<meta name=\"twitter:card\" content=\"summary_large_image\" \/>\n<meta name=\"twitter:creator\" content=\"@UltraMonteRosa\" \/>\n<meta name=\"twitter:site\" content=\"@UltraMonteRosa\" \/>\n<meta name=\"twitter:label1\" content=\"\u00c9crit par\" \/>\n\t<meta name=\"twitter:data1\" content=\"UTMR Admin\" \/>\n\t<meta name=\"twitter:label2\" content=\"Dur\u00e9e de lecture estim\u00e9e\" \/>\n\t<meta name=\"twitter:data2\" content=\"10 minutes\" \/>\n<script type=\"application\/ld+json\" class=\"yoast-schema-graph\">{\"@context\":\"https:\\\/\\\/schema.org\",\"@graph\":[{\"@type\":\"Article\",\"@id\":\"https:\\\/\\\/www.ultratourmonterosa.com\\\/fr\\\/roman-evarts-sur-son-experience-de-lutmr-en-2019\\\/#article\",\"isPartOf\":{\"@id\":\"https:\\\/\\\/www.ultratourmonterosa.com\\\/fr\\\/roman-evarts-sur-son-experience-de-lutmr-en-2019\\\/\"},\"author\":{\"name\":\"UTMR Admin\",\"@id\":\"https:\\\/\\\/www.ultratourmonterosa.com\\\/#\\\/schema\\\/person\\\/0e956cc597b5277039bcc6b448dea1ab\"},\"headline\":\"Roman Evarts sur son exp\u00e9rience de l&rsquo;UTMR en 2019\",\"datePublished\":\"2020-02-07T23:36:28+00:00\",\"dateModified\":\"2020-11-15T01:21:00+00:00\",\"mainEntityOfPage\":{\"@id\":\"https:\\\/\\\/www.ultratourmonterosa.com\\\/fr\\\/roman-evarts-sur-son-experience-de-lutmr-en-2019\\\/\"},\"wordCount\":2144,\"commentCount\":0,\"publisher\":{\"@id\":\"https:\\\/\\\/www.ultratourmonterosa.com\\\/#organization\"},\"image\":{\"@id\":\"https:\\\/\\\/www.ultratourmonterosa.com\\\/fr\\\/roman-evarts-sur-son-experience-de-lutmr-en-2019\\\/#primaryimage\"},\"thumbnailUrl\":\"https:\\\/\\\/www.ultratourmonterosa.com\\\/wp-content\\\/uploads\\\/2020\\\/02\\\/UTMR-glacier-teodul-1024x682.jpg\",\"keywords\":[\"100 milers en Europe\",\"Evarts romains\",\"Tour monte rosa\",\"UTMR2019\",\"UTMR2020\"],\"articleSection\":[\"170 km ultra\"],\"inLanguage\":\"fr-FR\",\"potentialAction\":[{\"@type\":\"CommentAction\",\"name\":\"Comment\",\"target\":[\"https:\\\/\\\/www.ultratourmonterosa.com\\\/fr\\\/roman-evarts-sur-son-experience-de-lutmr-en-2019\\\/#respond\"]}]},{\"@type\":\"WebPage\",\"@id\":\"https:\\\/\\\/www.ultratourmonterosa.com\\\/fr\\\/roman-evarts-sur-son-experience-de-lutmr-en-2019\\\/\",\"url\":\"https:\\\/\\\/www.ultratourmonterosa.com\\\/fr\\\/roman-evarts-sur-son-experience-de-lutmr-en-2019\\\/\",\"name\":\"Roman Evarts sur son exp\u00e9rience de l'UTMR en 2019 - Ultra Tour Monte Rosa\",\"isPartOf\":{\"@id\":\"https:\\\/\\\/www.ultratourmonterosa.com\\\/#website\"},\"primaryImageOfPage\":{\"@id\":\"https:\\\/\\\/www.ultratourmonterosa.com\\\/fr\\\/roman-evarts-sur-son-experience-de-lutmr-en-2019\\\/#primaryimage\"},\"image\":{\"@id\":\"https:\\\/\\\/www.ultratourmonterosa.com\\\/fr\\\/roman-evarts-sur-son-experience-de-lutmr-en-2019\\\/#primaryimage\"},\"thumbnailUrl\":\"https:\\\/\\\/www.ultratourmonterosa.com\\\/wp-content\\\/uploads\\\/2020\\\/02\\\/UTMR-glacier-teodul-1024x682.jpg\",\"datePublished\":\"2020-02-07T23:36:28+00:00\",\"dateModified\":\"2020-11-15T01:21:00+00:00\",\"breadcrumb\":{\"@id\":\"https:\\\/\\\/www.ultratourmonterosa.com\\\/fr\\\/roman-evarts-sur-son-experience-de-lutmr-en-2019\\\/#breadcrumb\"},\"inLanguage\":\"fr-FR\",\"potentialAction\":[{\"@type\":\"ReadAction\",\"target\":[\"https:\\\/\\\/www.ultratourmonterosa.com\\\/fr\\\/roman-evarts-sur-son-experience-de-lutmr-en-2019\\\/\"]}]},{\"@type\":\"ImageObject\",\"inLanguage\":\"fr-FR\",\"@id\":\"https:\\\/\\\/www.ultratourmonterosa.com\\\/fr\\\/roman-evarts-sur-son-experience-de-lutmr-en-2019\\\/#primaryimage\",\"url\":\"https:\\\/\\\/www.ultratourmonterosa.com\\\/wp-content\\\/uploads\\\/2020\\\/02\\\/UTMR-glacier-teodul-1024x682.jpg\",\"contentUrl\":\"https:\\\/\\\/www.ultratourmonterosa.com\\\/wp-content\\\/uploads\\\/2020\\\/02\\\/UTMR-glacier-teodul-1024x682.jpg\"},{\"@type\":\"BreadcrumbList\",\"@id\":\"https:\\\/\\\/www.ultratourmonterosa.com\\\/fr\\\/roman-evarts-sur-son-experience-de-lutmr-en-2019\\\/#breadcrumb\",\"itemListElement\":[{\"@type\":\"ListItem\",\"position\":1,\"name\":\"Home\",\"item\":\"https:\\\/\\\/www.ultratourmonterosa.com\\\/fr\\\/\"},{\"@type\":\"ListItem\",\"position\":2,\"name\":\"Roman Evarts sur son exp\u00e9rience de l&rsquo;UTMR en 2019\"}]},{\"@type\":\"WebSite\",\"@id\":\"https:\\\/\\\/www.ultratourmonterosa.com\\\/#website\",\"url\":\"https:\\\/\\\/www.ultratourmonterosa.com\\\/\",\"name\":\"Ultra Tour Monte Rosa\",\"description\":\"4-7 september 2019\",\"publisher\":{\"@id\":\"https:\\\/\\\/www.ultratourmonterosa.com\\\/#organization\"},\"potentialAction\":[{\"@type\":\"SearchAction\",\"target\":{\"@type\":\"EntryPoint\",\"urlTemplate\":\"https:\\\/\\\/www.ultratourmonterosa.com\\\/?s={search_term_string}\"},\"query-input\":{\"@type\":\"PropertyValueSpecification\",\"valueRequired\":true,\"valueName\":\"search_term_string\"}}],\"inLanguage\":\"fr-FR\"},{\"@type\":\"Organization\",\"@id\":\"https:\\\/\\\/www.ultratourmonterosa.com\\\/#organization\",\"name\":\"Ultra Tour Monte Rosa\",\"url\":\"https:\\\/\\\/www.ultratourmonterosa.com\\\/\",\"logo\":{\"@type\":\"ImageObject\",\"inLanguage\":\"fr-FR\",\"@id\":\"https:\\\/\\\/www.ultratourmonterosa.com\\\/#\\\/schema\\\/logo\\\/image\\\/\",\"url\":\"https:\\\/\\\/www.ultratourmonterosa.com\\\/wp-content\\\/uploads\\\/2024\\\/09\\\/UTMR-logo-300px-1.png\",\"contentUrl\":\"https:\\\/\\\/www.ultratourmonterosa.com\\\/wp-content\\\/uploads\\\/2024\\\/09\\\/UTMR-logo-300px-1.png\",\"width\":300,\"height\":300,\"caption\":\"Ultra Tour Monte Rosa\"},\"image\":{\"@id\":\"https:\\\/\\\/www.ultratourmonterosa.com\\\/#\\\/schema\\\/logo\\\/image\\\/\"},\"sameAs\":[\"https:\\\/\\\/www.facebook.com\\\/UltraTourMonteRosa\\\/\",\"https:\\\/\\\/x.com\\\/UltraMonteRosa\"]},{\"@type\":\"Person\",\"@id\":\"https:\\\/\\\/www.ultratourmonterosa.com\\\/#\\\/schema\\\/person\\\/0e956cc597b5277039bcc6b448dea1ab\",\"name\":\"UTMR Admin\",\"image\":{\"@type\":\"ImageObject\",\"inLanguage\":\"fr-FR\",\"@id\":\"https:\\\/\\\/secure.gravatar.com\\\/avatar\\\/7c8211024821aca17cf494b3b4004ffb438ada146e9060e60670e3eecab30d44?s=96&d=mm&r=g\",\"url\":\"https:\\\/\\\/secure.gravatar.com\\\/avatar\\\/7c8211024821aca17cf494b3b4004ffb438ada146e9060e60670e3eecab30d44?s=96&d=mm&r=g\",\"contentUrl\":\"https:\\\/\\\/secure.gravatar.com\\\/avatar\\\/7c8211024821aca17cf494b3b4004ffb438ada146e9060e60670e3eecab30d44?s=96&d=mm&r=g\",\"caption\":\"UTMR Admin\"},\"url\":\"https:\\\/\\\/www.ultratourmonterosa.com\\\/fr\\\/author\\\/rpb\\\/\"}]}<\/script>\n<!-- \/ Yoast SEO plugin. -->","yoast_head_json":{"title":"Roman Evarts sur son exp\u00e9rience de l'UTMR en 2019 - Ultra Tour Monte Rosa","robots":{"index":"index","follow":"follow","max-snippet":"max-snippet:-1","max-image-preview":"max-image-preview:large","max-video-preview":"max-video-preview:-1"},"canonical":"https:\/\/www.ultratourmonterosa.com\/fr\/roman-evarts-sur-son-experience-de-lutmr-en-2019\/","og_locale":"fr_FR","og_type":"article","og_title":"Roman Evarts sur son exp\u00e9rience de l'UTMR en 2019 - Ultra Tour Monte Rosa","og_description":"L&rsquo;athl\u00e8te d&rsquo;\u00e9lite Roman Evarts, 6\u00e8me place \u00e0 l&rsquo;UTMB 2018, donne un aper\u00e7u de son exp\u00e9rience \u00e0 l&rsquo;Ultra Tour Monte Rosa 2019. Il est heureux de revenir pour la course de 2020. Bonne chance Roman ! Vous pouvez le retrouver sur Facebook \u00e0 l&rsquo;adresse https:\/\/www.facebook.com\/romans.evarts &amp; ; suivez ses r\u00e9sultats sur sa page ITRA. Des choix, [&hellip;]","og_url":"https:\/\/www.ultratourmonterosa.com\/fr\/roman-evarts-sur-son-experience-de-lutmr-en-2019\/","og_site_name":"Ultra Tour Monte Rosa","article_publisher":"https:\/\/www.facebook.com\/UltraTourMonteRosa\/","article_published_time":"2020-02-07T23:36:28+00:00","article_modified_time":"2020-11-15T01:21:00+00:00","og_image":[{"url":"https:\/\/www.ultratourmonterosa.com\/wp-content\/uploads\/2020\/02\/UTMR-glacier-teodul-1024x682.jpg","type":"","width":"","height":""}],"author":"UTMR Admin","twitter_card":"summary_large_image","twitter_creator":"@UltraMonteRosa","twitter_site":"@UltraMonteRosa","twitter_misc":{"\u00c9crit par":"UTMR Admin","Dur\u00e9e de lecture estim\u00e9e":"10 minutes"},"schema":{"@context":"https:\/\/schema.org","@graph":[{"@type":"Article","@id":"https:\/\/www.ultratourmonterosa.com\/fr\/roman-evarts-sur-son-experience-de-lutmr-en-2019\/#article","isPartOf":{"@id":"https:\/\/www.ultratourmonterosa.com\/fr\/roman-evarts-sur-son-experience-de-lutmr-en-2019\/"},"author":{"name":"UTMR Admin","@id":"https:\/\/www.ultratourmonterosa.com\/#\/schema\/person\/0e956cc597b5277039bcc6b448dea1ab"},"headline":"Roman Evarts sur son exp\u00e9rience de l&rsquo;UTMR en 2019","datePublished":"2020-02-07T23:36:28+00:00","dateModified":"2020-11-15T01:21:00+00:00","mainEntityOfPage":{"@id":"https:\/\/www.ultratourmonterosa.com\/fr\/roman-evarts-sur-son-experience-de-lutmr-en-2019\/"},"wordCount":2144,"commentCount":0,"publisher":{"@id":"https:\/\/www.ultratourmonterosa.com\/#organization"},"image":{"@id":"https:\/\/www.ultratourmonterosa.com\/fr\/roman-evarts-sur-son-experience-de-lutmr-en-2019\/#primaryimage"},"thumbnailUrl":"https:\/\/www.ultratourmonterosa.com\/wp-content\/uploads\/2020\/02\/UTMR-glacier-teodul-1024x682.jpg","keywords":["100 milers en Europe","Evarts romains","Tour monte rosa","UTMR2019","UTMR2020"],"articleSection":["170 km ultra"],"inLanguage":"fr-FR","potentialAction":[{"@type":"CommentAction","name":"Comment","target":["https:\/\/www.ultratourmonterosa.com\/fr\/roman-evarts-sur-son-experience-de-lutmr-en-2019\/#respond"]}]},{"@type":"WebPage","@id":"https:\/\/www.ultratourmonterosa.com\/fr\/roman-evarts-sur-son-experience-de-lutmr-en-2019\/","url":"https:\/\/www.ultratourmonterosa.com\/fr\/roman-evarts-sur-son-experience-de-lutmr-en-2019\/","name":"Roman Evarts sur son exp\u00e9rience de l'UTMR en 2019 - Ultra Tour Monte Rosa","isPartOf":{"@id":"https:\/\/www.ultratourmonterosa.com\/#website"},"primaryImageOfPage":{"@id":"https:\/\/www.ultratourmonterosa.com\/fr\/roman-evarts-sur-son-experience-de-lutmr-en-2019\/#primaryimage"},"image":{"@id":"https:\/\/www.ultratourmonterosa.com\/fr\/roman-evarts-sur-son-experience-de-lutmr-en-2019\/#primaryimage"},"thumbnailUrl":"https:\/\/www.ultratourmonterosa.com\/wp-content\/uploads\/2020\/02\/UTMR-glacier-teodul-1024x682.jpg","datePublished":"2020-02-07T23:36:28+00:00","dateModified":"2020-11-15T01:21:00+00:00","breadcrumb":{"@id":"https:\/\/www.ultratourmonterosa.com\/fr\/roman-evarts-sur-son-experience-de-lutmr-en-2019\/#breadcrumb"},"inLanguage":"fr-FR","potentialAction":[{"@type":"ReadAction","target":["https:\/\/www.ultratourmonterosa.com\/fr\/roman-evarts-sur-son-experience-de-lutmr-en-2019\/"]}]},{"@type":"ImageObject","inLanguage":"fr-FR","@id":"https:\/\/www.ultratourmonterosa.com\/fr\/roman-evarts-sur-son-experience-de-lutmr-en-2019\/#primaryimage","url":"https:\/\/www.ultratourmonterosa.com\/wp-content\/uploads\/2020\/02\/UTMR-glacier-teodul-1024x682.jpg","contentUrl":"https:\/\/www.ultratourmonterosa.com\/wp-content\/uploads\/2020\/02\/UTMR-glacier-teodul-1024x682.jpg"},{"@type":"BreadcrumbList","@id":"https:\/\/www.ultratourmonterosa.com\/fr\/roman-evarts-sur-son-experience-de-lutmr-en-2019\/#breadcrumb","itemListElement":[{"@type":"ListItem","position":1,"name":"Home","item":"https:\/\/www.ultratourmonterosa.com\/fr\/"},{"@type":"ListItem","position":2,"name":"Roman Evarts sur son exp\u00e9rience de l&rsquo;UTMR en 2019"}]},{"@type":"WebSite","@id":"https:\/\/www.ultratourmonterosa.com\/#website","url":"https:\/\/www.ultratourmonterosa.com\/","name":"Ultra Tour Monte Rosa","description":"4-7 september 2019","publisher":{"@id":"https:\/\/www.ultratourmonterosa.com\/#organization"},"potentialAction":[{"@type":"SearchAction","target":{"@type":"EntryPoint","urlTemplate":"https:\/\/www.ultratourmonterosa.com\/?s={search_term_string}"},"query-input":{"@type":"PropertyValueSpecification","valueRequired":true,"valueName":"search_term_string"}}],"inLanguage":"fr-FR"},{"@type":"Organization","@id":"https:\/\/www.ultratourmonterosa.com\/#organization","name":"Ultra Tour Monte Rosa","url":"https:\/\/www.ultratourmonterosa.com\/","logo":{"@type":"ImageObject","inLanguage":"fr-FR","@id":"https:\/\/www.ultratourmonterosa.com\/#\/schema\/logo\/image\/","url":"https:\/\/www.ultratourmonterosa.com\/wp-content\/uploads\/2024\/09\/UTMR-logo-300px-1.png","contentUrl":"https:\/\/www.ultratourmonterosa.com\/wp-content\/uploads\/2024\/09\/UTMR-logo-300px-1.png","width":300,"height":300,"caption":"Ultra Tour Monte Rosa"},"image":{"@id":"https:\/\/www.ultratourmonterosa.com\/#\/schema\/logo\/image\/"},"sameAs":["https:\/\/www.facebook.com\/UltraTourMonteRosa\/","https:\/\/x.com\/UltraMonteRosa"]},{"@type":"Person","@id":"https:\/\/www.ultratourmonterosa.com\/#\/schema\/person\/0e956cc597b5277039bcc6b448dea1ab","name":"UTMR Admin","image":{"@type":"ImageObject","inLanguage":"fr-FR","@id":"https:\/\/secure.gravatar.com\/avatar\/7c8211024821aca17cf494b3b4004ffb438ada146e9060e60670e3eecab30d44?s=96&d=mm&r=g","url":"https:\/\/secure.gravatar.com\/avatar\/7c8211024821aca17cf494b3b4004ffb438ada146e9060e60670e3eecab30d44?s=96&d=mm&r=g","contentUrl":"https:\/\/secure.gravatar.com\/avatar\/7c8211024821aca17cf494b3b4004ffb438ada146e9060e60670e3eecab30d44?s=96&d=mm&r=g","caption":"UTMR Admin"},"url":"https:\/\/www.ultratourmonterosa.com\/fr\/author\/rpb\/"}]}},"jetpack_featured_media_url":"","jetpack_shortlink":"https:\/\/wp.me\/p4DSVg-aXB","jetpack_sharing_enabled":true,"_links":{"self":[{"href":"https:\/\/www.ultratourmonterosa.com\/fr\/wp-json\/wp\/v2\/posts\/42135","targetHints":{"allow":["GET"]}}],"collection":[{"href":"https:\/\/www.ultratourmonterosa.com\/fr\/wp-json\/wp\/v2\/posts"}],"about":[{"href":"https:\/\/www.ultratourmonterosa.com\/fr\/wp-json\/wp\/v2\/types\/post"}],"author":[{"embeddable":true,"href":"https:\/\/www.ultratourmonterosa.com\/fr\/wp-json\/wp\/v2\/users\/5"}],"replies":[{"embeddable":true,"href":"https:\/\/www.ultratourmonterosa.com\/fr\/wp-json\/wp\/v2\/comments?post=42135"}],"version-history":[{"count":2,"href":"https:\/\/www.ultratourmonterosa.com\/fr\/wp-json\/wp\/v2\/posts\/42135\/revisions"}],"predecessor-version":[{"id":42142,"href":"https:\/\/www.ultratourmonterosa.com\/fr\/wp-json\/wp\/v2\/posts\/42135\/revisions\/42142"}],"wp:attachment":[{"href":"https:\/\/www.ultratourmonterosa.com\/fr\/wp-json\/wp\/v2\/media?parent=42135"}],"wp:term":[{"taxonomy":"category","embeddable":true,"href":"https:\/\/www.ultratourmonterosa.com\/fr\/wp-json\/wp\/v2\/categories?post=42135"},{"taxonomy":"post_tag","embeddable":true,"href":"https:\/\/www.ultratourmonterosa.com\/fr\/wp-json\/wp\/v2\/tags?post=42135"}],"curies":[{"name":"wp","href":"https:\/\/api.w.org\/{rel}","templated":true}]}}