{"id":42145,"date":"2020-03-02T18:25:01","date_gmt":"2020-03-02T12:40:01","guid":{"rendered":"https:\/\/www.ultratourmonterosa.com\/ch-ambassadeur-deurope-sacha-mijatov\/"},"modified":"2020-11-15T07:06:09","modified_gmt":"2020-11-15T01:21:09","slug":"ch-ambassadeur-deurope-sacha-mijatov","status":"publish","type":"post","link":"https:\/\/www.ultratourmonterosa.com\/fr\/ch-ambassadeur-deurope-sacha-mijatov\/","title":{"rendered":"CH &amp; ; Ambassadeur d&rsquo;Europe : Sacha Mijatov"},"content":{"rendered":"<p><em>Nous sommes ravis que Sacha soit un ambassadeur de l&rsquo;UTMR sur les pistes et les m\u00e9dias sociaux ! Merci Sacha &amp; ; nous nous r\u00e9jouissons de vous accueillir \u00e0 nouveau en septembre 2020. <\/em><\/p>\n<p><em>Vous pouvez trouver <a href=\"https:\/\/www.facebook.com\/profile.php?id=100000428385043\" target=\"_blank\" rel=\"noopener noreferrer\">Sacha sur facebook<\/a> si vous voulez le contacter ! <\/em><\/p>\n<p>&nbsp;<\/p>\n<p style=\"font-weight: 400;\"><strong>Sacha (Turbosnail) Mijatov<\/strong><\/p>\n<p style=\"font-weight: 400;\">N\u00e9 en 1971<\/p>\n<p style=\"font-weight: 400;\"><strong>Ville natale :<\/strong><\/p>\n<p style=\"font-weight: 400;\">Bruxelles, Belgique.<\/p>\n<p style=\"font-weight: 400;\"><strong>A propos de moi :<\/strong><\/p>\n<p style=\"font-weight: 400;\">Je vis en Suisse depuis 20 ans et je suis tomb\u00e9 amoureux des montagnes ! J&rsquo;ai commenc\u00e9 \u00e0 faire de la randonn\u00e9e et \u00e0 d\u00e9couvrir de beaux paysages et de belles r\u00e9gions. Quelques ann\u00e9es plus tard, j&rsquo;ai commenc\u00e9 \u00e0 courir et j&rsquo;ai d\u00e9couvert qu&rsquo;il existe des courses de montagne. C&rsquo;\u00e9tait mon point de non-retour ! (rires)<\/p>\n<p style=\"font-weight: 400;\"><strong>Mon autre vie :<\/strong><\/p>\n<p style=\"font-weight: 400;\">Je suis un informaticien et je cherche n&rsquo;importe quelle excuse pour \u00eatre dans les montagnes.<\/p>\n<p style=\"font-weight: 400;\"><strong>Pendant mon temps libre :<\/strong><\/p>\n<p style=\"font-weight: 400;\">Je cours ! Quoi d&rsquo;autre ?<\/p>\n<p style=\"font-weight: 400;\"><strong>Fait amusant :<\/strong><\/p>\n<p style=\"font-weight: 400;\">Richard (directeur de course) m&rsquo;a dit que j&rsquo;avais l&rsquo;ADN de la montagne. Tr\u00e8s flatteur mais aussi dr\u00f4le pour quelqu&rsquo;un qui vient d&rsquo;un pays plat.<\/p>\n<p style=\"font-weight: 400;\"><strong>Course pr\u00e9f\u00e9r\u00e9e de la piste des Alpes :<\/strong><\/p>\n<p style=\"font-weight: 400;\">Je ne peux pas dire que j&rsquo;ai une piste de ski alpin pr\u00e9f\u00e9r\u00e9e. Mais je suis amoureuse de la r\u00e9gion de Zermatt, de la beaut\u00e9 du paysage mais aussi des moments de ma vie qui s&rsquo;y sont d\u00e9roul\u00e9s et qui me sont si chers !<\/p>\n<p style=\"font-weight: 400;\"><strong>Pourquoi \u00eates-vous un ambassadeur de l&rsquo;Ultra Tour du Mont Rose ?<\/strong><\/p>\n<p style=\"font-weight: 400;\">J&rsquo;ai d&rsquo;abord aid\u00e9 Lizzy et Richard pour la traduction fran\u00e7aise du site (pour la premi\u00e8re \u00e9dition) mais je n&rsquo;avais pas encore l&rsquo;exp\u00e9rience et l&rsquo;endurance n\u00e9cessaires pour participer. Depuis lors, j&rsquo;ai particip\u00e9 \u00e0 plusieurs trails et j&rsquo;ai rencontr\u00e9 d&rsquo;autres coureurs aussi enthousiastes et passionn\u00e9s que moi. L&rsquo;\u00e9dition 2019 de l&rsquo;UTMR a \u00e9t\u00e9 annul\u00e9e en raison des conditions m\u00e9t\u00e9orologiques. J&rsquo;avoue que j&rsquo;\u00e9tais frustr\u00e9e, mais quand j&rsquo;ai vu Lizzy et Richard faire ce qu&rsquo;ils avaient \u00e0 faire pour que les participants soient heureux, je me suis dit que je pouvais faire quelque chose pour eux aussi ! Et c&rsquo;est avec plaisir et fiert\u00e9 que je repr\u00e9senterai l&rsquo;UTMR sur les diff\u00e9rentes courses auxquelles je participerai et aussi sur les r\u00e9seaux sociaux !<\/p>\n<p>&nbsp;<\/p>\n<div id=\"attachment_36106\" style=\"width: 1034px\" class=\"wp-caption aligncenter\"><a class=\"single_photoswipe\" href=\"https:\/\/www.ultratourmonterosa.com\/wp-content\/uploads\/2020\/03\/UTMR-Ambassador-Logo.jpg\" data-size=\"1600x900\"><img loading=\"lazy\" decoding=\"async\" aria-describedby=\"caption-attachment-36106\" class=\"wp-image-36106 size-large\" src=\"https:\/\/www.ultratourmonterosa.com\/wp-content\/uploads\/2020\/03\/UTMR-Ambassador-Logo-1024x576.jpg\" alt=\"\" width=\"1024\" height=\"576\"><\/a><p id=\"caption-attachment-36106\" class=\"wp-caption-text\">Sacha avec le sommet du Cervin derri\u00e8re !<\/p><\/div>\n","protected":false},"excerpt":{"rendered":"<p>Nous sommes ravis que Sacha soit un ambassadeur de l&rsquo;UTMR sur les pistes et les m\u00e9dias sociaux ! Merci Sacha &amp; ; nous nous r\u00e9jouissons de vous accueillir \u00e0 nouveau en septembre 2020. Vous pouvez trouver Sacha sur facebook si vous voulez le contacter ! &nbsp; Sacha (Turbosnail) Mijatov N\u00e9 en 1971 Ville natale : [&hellip;]<\/p>\n","protected":false},"author":2,"featured_media":0,"comment_status":"open","ping_status":"open","sticky":false,"template":"","format":"standard","meta":{"_acf_changed":false,"jetpack_post_was_ever_published":false,"_jetpack_newsletter_access":"","_jetpack_dont_email_post_to_subs":false,"_jetpack_newsletter_tier_id":0,"_jetpack_memberships_contains_paywalled_content":false,"_jetpack_memberships_contains_paid_content":false,"footnotes":"","_wp_rev_ctl_limit":""},"categories":[51],"tags":[],"class_list":["post-42145","post","type-post","status-publish","format-standard","hentry","category-blog-fr"],"acf":[],"yoast_head":"<!-- This site is optimized with the Yoast SEO plugin v27.4 - https:\/\/yoast.com\/product\/yoast-seo-wordpress\/ -->\n<title>CH &amp; ; Ambassadeur d&#039;Europe : Sacha Mijatov - Ultra Tour Monte Rosa<\/title>\n<meta name=\"robots\" content=\"index, follow, max-snippet:-1, max-image-preview:large, max-video-preview:-1\" \/>\n<link rel=\"canonical\" href=\"https:\/\/www.ultratourmonterosa.com\/fr\/ch-ambassadeur-deurope-sacha-mijatov\/\" \/>\n<meta property=\"og:locale\" content=\"fr_FR\" \/>\n<meta property=\"og:type\" content=\"article\" \/>\n<meta property=\"og:title\" content=\"CH &amp; ; Ambassadeur d&#039;Europe : Sacha Mijatov - Ultra Tour Monte Rosa\" \/>\n<meta property=\"og:description\" content=\"Nous sommes ravis que Sacha soit un ambassadeur de l&rsquo;UTMR sur les pistes et les m\u00e9dias sociaux ! Merci Sacha &amp; ; nous nous r\u00e9jouissons de vous accueillir \u00e0 nouveau en septembre 2020. Vous pouvez trouver Sacha sur facebook si vous voulez le contacter ! &nbsp; Sacha (Turbosnail) Mijatov N\u00e9 en 1971 Ville natale : [&hellip;]\" \/>\n<meta property=\"og:url\" content=\"https:\/\/www.ultratourmonterosa.com\/fr\/ch-ambassadeur-deurope-sacha-mijatov\/\" \/>\n<meta property=\"og:site_name\" content=\"Ultra Tour Monte Rosa\" \/>\n<meta property=\"article:publisher\" content=\"https:\/\/www.facebook.com\/UltraTourMonteRosa\/\" \/>\n<meta property=\"article:published_time\" content=\"2020-03-02T12:40:01+00:00\" \/>\n<meta property=\"article:modified_time\" content=\"2020-11-15T01:21:09+00:00\" \/>\n<meta property=\"og:image\" content=\"https:\/\/www.ultratourmonterosa.com\/wp-content\/uploads\/2020\/03\/UTMR-Ambassador-Logo-1024x576.jpg\" \/>\n<meta name=\"author\" content=\"Lizzy Hawker\" \/>\n<meta name=\"twitter:card\" content=\"summary_large_image\" \/>\n<meta name=\"twitter:creator\" content=\"@UltraMonteRosa\" \/>\n<meta name=\"twitter:site\" content=\"@UltraMonteRosa\" \/>\n<meta name=\"twitter:label1\" content=\"\u00c9crit par\" \/>\n\t<meta name=\"twitter:data1\" content=\"Lizzy Hawker\" \/>\n\t<meta name=\"twitter:label2\" content=\"Dur\u00e9e de lecture estim\u00e9e\" \/>\n\t<meta name=\"twitter:data2\" content=\"2 minutes\" \/>\n<script type=\"application\/ld+json\" class=\"yoast-schema-graph\">{\"@context\":\"https:\\\/\\\/schema.org\",\"@graph\":[{\"@type\":\"Article\",\"@id\":\"https:\\\/\\\/www.ultratourmonterosa.com\\\/fr\\\/ch-ambassadeur-deurope-sacha-mijatov\\\/#article\",\"isPartOf\":{\"@id\":\"https:\\\/\\\/www.ultratourmonterosa.com\\\/fr\\\/ch-ambassadeur-deurope-sacha-mijatov\\\/\"},\"author\":{\"name\":\"Lizzy Hawker\",\"@id\":\"https:\\\/\\\/www.ultratourmonterosa.com\\\/#\\\/schema\\\/person\\\/72f7296afeceebba242f8f36428a79ac\"},\"headline\":\"CH &amp; ; Ambassadeur d&rsquo;Europe : Sacha Mijatov\",\"datePublished\":\"2020-03-02T12:40:01+00:00\",\"dateModified\":\"2020-11-15T01:21:09+00:00\",\"mainEntityOfPage\":{\"@id\":\"https:\\\/\\\/www.ultratourmonterosa.com\\\/fr\\\/ch-ambassadeur-deurope-sacha-mijatov\\\/\"},\"wordCount\":415,\"commentCount\":0,\"publisher\":{\"@id\":\"https:\\\/\\\/www.ultratourmonterosa.com\\\/#organization\"},\"image\":{\"@id\":\"https:\\\/\\\/www.ultratourmonterosa.com\\\/fr\\\/ch-ambassadeur-deurope-sacha-mijatov\\\/#primaryimage\"},\"thumbnailUrl\":\"https:\\\/\\\/www.ultratourmonterosa.com\\\/wp-content\\\/uploads\\\/2020\\\/03\\\/UTMR-Ambassador-Logo-1024x576.jpg\",\"articleSection\":[\"Blog\"],\"inLanguage\":\"fr-FR\",\"potentialAction\":[{\"@type\":\"CommentAction\",\"name\":\"Comment\",\"target\":[\"https:\\\/\\\/www.ultratourmonterosa.com\\\/fr\\\/ch-ambassadeur-deurope-sacha-mijatov\\\/#respond\"]}]},{\"@type\":\"WebPage\",\"@id\":\"https:\\\/\\\/www.ultratourmonterosa.com\\\/fr\\\/ch-ambassadeur-deurope-sacha-mijatov\\\/\",\"url\":\"https:\\\/\\\/www.ultratourmonterosa.com\\\/fr\\\/ch-ambassadeur-deurope-sacha-mijatov\\\/\",\"name\":\"CH &amp; ; Ambassadeur d'Europe : Sacha Mijatov - Ultra Tour Monte Rosa\",\"isPartOf\":{\"@id\":\"https:\\\/\\\/www.ultratourmonterosa.com\\\/#website\"},\"primaryImageOfPage\":{\"@id\":\"https:\\\/\\\/www.ultratourmonterosa.com\\\/fr\\\/ch-ambassadeur-deurope-sacha-mijatov\\\/#primaryimage\"},\"image\":{\"@id\":\"https:\\\/\\\/www.ultratourmonterosa.com\\\/fr\\\/ch-ambassadeur-deurope-sacha-mijatov\\\/#primaryimage\"},\"thumbnailUrl\":\"https:\\\/\\\/www.ultratourmonterosa.com\\\/wp-content\\\/uploads\\\/2020\\\/03\\\/UTMR-Ambassador-Logo-1024x576.jpg\",\"datePublished\":\"2020-03-02T12:40:01+00:00\",\"dateModified\":\"2020-11-15T01:21:09+00:00\",\"breadcrumb\":{\"@id\":\"https:\\\/\\\/www.ultratourmonterosa.com\\\/fr\\\/ch-ambassadeur-deurope-sacha-mijatov\\\/#breadcrumb\"},\"inLanguage\":\"fr-FR\",\"potentialAction\":[{\"@type\":\"ReadAction\",\"target\":[\"https:\\\/\\\/www.ultratourmonterosa.com\\\/fr\\\/ch-ambassadeur-deurope-sacha-mijatov\\\/\"]}]},{\"@type\":\"ImageObject\",\"inLanguage\":\"fr-FR\",\"@id\":\"https:\\\/\\\/www.ultratourmonterosa.com\\\/fr\\\/ch-ambassadeur-deurope-sacha-mijatov\\\/#primaryimage\",\"url\":\"https:\\\/\\\/www.ultratourmonterosa.com\\\/wp-content\\\/uploads\\\/2020\\\/03\\\/UTMR-Ambassador-Logo-1024x576.jpg\",\"contentUrl\":\"https:\\\/\\\/www.ultratourmonterosa.com\\\/wp-content\\\/uploads\\\/2020\\\/03\\\/UTMR-Ambassador-Logo-1024x576.jpg\"},{\"@type\":\"BreadcrumbList\",\"@id\":\"https:\\\/\\\/www.ultratourmonterosa.com\\\/fr\\\/ch-ambassadeur-deurope-sacha-mijatov\\\/#breadcrumb\",\"itemListElement\":[{\"@type\":\"ListItem\",\"position\":1,\"name\":\"Home\",\"item\":\"https:\\\/\\\/www.ultratourmonterosa.com\\\/fr\\\/\"},{\"@type\":\"ListItem\",\"position\":2,\"name\":\"CH &amp; ; Ambassadeur d&rsquo;Europe : Sacha Mijatov\"}]},{\"@type\":\"WebSite\",\"@id\":\"https:\\\/\\\/www.ultratourmonterosa.com\\\/#website\",\"url\":\"https:\\\/\\\/www.ultratourmonterosa.com\\\/\",\"name\":\"Ultra Tour Monte Rosa\",\"description\":\"4-7 september 2019\",\"publisher\":{\"@id\":\"https:\\\/\\\/www.ultratourmonterosa.com\\\/#organization\"},\"potentialAction\":[{\"@type\":\"SearchAction\",\"target\":{\"@type\":\"EntryPoint\",\"urlTemplate\":\"https:\\\/\\\/www.ultratourmonterosa.com\\\/?s={search_term_string}\"},\"query-input\":{\"@type\":\"PropertyValueSpecification\",\"valueRequired\":true,\"valueName\":\"search_term_string\"}}],\"inLanguage\":\"fr-FR\"},{\"@type\":\"Organization\",\"@id\":\"https:\\\/\\\/www.ultratourmonterosa.com\\\/#organization\",\"name\":\"Ultra Tour Monte Rosa\",\"url\":\"https:\\\/\\\/www.ultratourmonterosa.com\\\/\",\"logo\":{\"@type\":\"ImageObject\",\"inLanguage\":\"fr-FR\",\"@id\":\"https:\\\/\\\/www.ultratourmonterosa.com\\\/#\\\/schema\\\/logo\\\/image\\\/\",\"url\":\"https:\\\/\\\/www.ultratourmonterosa.com\\\/wp-content\\\/uploads\\\/2024\\\/09\\\/UTMR-logo-300px-1.png\",\"contentUrl\":\"https:\\\/\\\/www.ultratourmonterosa.com\\\/wp-content\\\/uploads\\\/2024\\\/09\\\/UTMR-logo-300px-1.png\",\"width\":300,\"height\":300,\"caption\":\"Ultra Tour Monte Rosa\"},\"image\":{\"@id\":\"https:\\\/\\\/www.ultratourmonterosa.com\\\/#\\\/schema\\\/logo\\\/image\\\/\"},\"sameAs\":[\"https:\\\/\\\/www.facebook.com\\\/UltraTourMonteRosa\\\/\",\"https:\\\/\\\/x.com\\\/UltraMonteRosa\"]},{\"@type\":\"Person\",\"@id\":\"https:\\\/\\\/www.ultratourmonterosa.com\\\/#\\\/schema\\\/person\\\/72f7296afeceebba242f8f36428a79ac\",\"name\":\"Lizzy Hawker\",\"image\":{\"@type\":\"ImageObject\",\"inLanguage\":\"fr-FR\",\"@id\":\"https:\\\/\\\/secure.gravatar.com\\\/avatar\\\/49119c02999c60354d638c5c1aada8a77102334e3410f021d65889dcbdd4b281?s=96&d=mm&r=g\",\"url\":\"https:\\\/\\\/secure.gravatar.com\\\/avatar\\\/49119c02999c60354d638c5c1aada8a77102334e3410f021d65889dcbdd4b281?s=96&d=mm&r=g\",\"contentUrl\":\"https:\\\/\\\/secure.gravatar.com\\\/avatar\\\/49119c02999c60354d638c5c1aada8a77102334e3410f021d65889dcbdd4b281?s=96&d=mm&r=g\",\"caption\":\"Lizzy Hawker\"},\"sameAs\":[\"http:\\\/\\\/www.ultratourmonterosa.com\\\/\"],\"url\":\"https:\\\/\\\/www.ultratourmonterosa.com\\\/fr\\\/author\\\/lizzy\\\/\"}]}<\/script>\n<!-- \/ Yoast SEO plugin. -->","yoast_head_json":{"title":"CH &amp; ; Ambassadeur d'Europe : Sacha Mijatov - Ultra Tour Monte Rosa","robots":{"index":"index","follow":"follow","max-snippet":"max-snippet:-1","max-image-preview":"max-image-preview:large","max-video-preview":"max-video-preview:-1"},"canonical":"https:\/\/www.ultratourmonterosa.com\/fr\/ch-ambassadeur-deurope-sacha-mijatov\/","og_locale":"fr_FR","og_type":"article","og_title":"CH &amp; ; Ambassadeur d'Europe : Sacha Mijatov - Ultra Tour Monte Rosa","og_description":"Nous sommes ravis que Sacha soit un ambassadeur de l&rsquo;UTMR sur les pistes et les m\u00e9dias sociaux ! Merci Sacha &amp; ; nous nous r\u00e9jouissons de vous accueillir \u00e0 nouveau en septembre 2020. Vous pouvez trouver Sacha sur facebook si vous voulez le contacter ! &nbsp; Sacha (Turbosnail) Mijatov N\u00e9 en 1971 Ville natale : [&hellip;]","og_url":"https:\/\/www.ultratourmonterosa.com\/fr\/ch-ambassadeur-deurope-sacha-mijatov\/","og_site_name":"Ultra Tour Monte Rosa","article_publisher":"https:\/\/www.facebook.com\/UltraTourMonteRosa\/","article_published_time":"2020-03-02T12:40:01+00:00","article_modified_time":"2020-11-15T01:21:09+00:00","og_image":[{"url":"https:\/\/www.ultratourmonterosa.com\/wp-content\/uploads\/2020\/03\/UTMR-Ambassador-Logo-1024x576.jpg","type":"","width":"","height":""}],"author":"Lizzy Hawker","twitter_card":"summary_large_image","twitter_creator":"@UltraMonteRosa","twitter_site":"@UltraMonteRosa","twitter_misc":{"\u00c9crit par":"Lizzy Hawker","Dur\u00e9e de lecture estim\u00e9e":"2 minutes"},"schema":{"@context":"https:\/\/schema.org","@graph":[{"@type":"Article","@id":"https:\/\/www.ultratourmonterosa.com\/fr\/ch-ambassadeur-deurope-sacha-mijatov\/#article","isPartOf":{"@id":"https:\/\/www.ultratourmonterosa.com\/fr\/ch-ambassadeur-deurope-sacha-mijatov\/"},"author":{"name":"Lizzy Hawker","@id":"https:\/\/www.ultratourmonterosa.com\/#\/schema\/person\/72f7296afeceebba242f8f36428a79ac"},"headline":"CH &amp; ; Ambassadeur d&rsquo;Europe : Sacha Mijatov","datePublished":"2020-03-02T12:40:01+00:00","dateModified":"2020-11-15T01:21:09+00:00","mainEntityOfPage":{"@id":"https:\/\/www.ultratourmonterosa.com\/fr\/ch-ambassadeur-deurope-sacha-mijatov\/"},"wordCount":415,"commentCount":0,"publisher":{"@id":"https:\/\/www.ultratourmonterosa.com\/#organization"},"image":{"@id":"https:\/\/www.ultratourmonterosa.com\/fr\/ch-ambassadeur-deurope-sacha-mijatov\/#primaryimage"},"thumbnailUrl":"https:\/\/www.ultratourmonterosa.com\/wp-content\/uploads\/2020\/03\/UTMR-Ambassador-Logo-1024x576.jpg","articleSection":["Blog"],"inLanguage":"fr-FR","potentialAction":[{"@type":"CommentAction","name":"Comment","target":["https:\/\/www.ultratourmonterosa.com\/fr\/ch-ambassadeur-deurope-sacha-mijatov\/#respond"]}]},{"@type":"WebPage","@id":"https:\/\/www.ultratourmonterosa.com\/fr\/ch-ambassadeur-deurope-sacha-mijatov\/","url":"https:\/\/www.ultratourmonterosa.com\/fr\/ch-ambassadeur-deurope-sacha-mijatov\/","name":"CH &amp; ; Ambassadeur d'Europe : Sacha Mijatov - Ultra Tour Monte Rosa","isPartOf":{"@id":"https:\/\/www.ultratourmonterosa.com\/#website"},"primaryImageOfPage":{"@id":"https:\/\/www.ultratourmonterosa.com\/fr\/ch-ambassadeur-deurope-sacha-mijatov\/#primaryimage"},"image":{"@id":"https:\/\/www.ultratourmonterosa.com\/fr\/ch-ambassadeur-deurope-sacha-mijatov\/#primaryimage"},"thumbnailUrl":"https:\/\/www.ultratourmonterosa.com\/wp-content\/uploads\/2020\/03\/UTMR-Ambassador-Logo-1024x576.jpg","datePublished":"2020-03-02T12:40:01+00:00","dateModified":"2020-11-15T01:21:09+00:00","breadcrumb":{"@id":"https:\/\/www.ultratourmonterosa.com\/fr\/ch-ambassadeur-deurope-sacha-mijatov\/#breadcrumb"},"inLanguage":"fr-FR","potentialAction":[{"@type":"ReadAction","target":["https:\/\/www.ultratourmonterosa.com\/fr\/ch-ambassadeur-deurope-sacha-mijatov\/"]}]},{"@type":"ImageObject","inLanguage":"fr-FR","@id":"https:\/\/www.ultratourmonterosa.com\/fr\/ch-ambassadeur-deurope-sacha-mijatov\/#primaryimage","url":"https:\/\/www.ultratourmonterosa.com\/wp-content\/uploads\/2020\/03\/UTMR-Ambassador-Logo-1024x576.jpg","contentUrl":"https:\/\/www.ultratourmonterosa.com\/wp-content\/uploads\/2020\/03\/UTMR-Ambassador-Logo-1024x576.jpg"},{"@type":"BreadcrumbList","@id":"https:\/\/www.ultratourmonterosa.com\/fr\/ch-ambassadeur-deurope-sacha-mijatov\/#breadcrumb","itemListElement":[{"@type":"ListItem","position":1,"name":"Home","item":"https:\/\/www.ultratourmonterosa.com\/fr\/"},{"@type":"ListItem","position":2,"name":"CH &amp; ; Ambassadeur d&rsquo;Europe : Sacha Mijatov"}]},{"@type":"WebSite","@id":"https:\/\/www.ultratourmonterosa.com\/#website","url":"https:\/\/www.ultratourmonterosa.com\/","name":"Ultra Tour Monte Rosa","description":"4-7 september 2019","publisher":{"@id":"https:\/\/www.ultratourmonterosa.com\/#organization"},"potentialAction":[{"@type":"SearchAction","target":{"@type":"EntryPoint","urlTemplate":"https:\/\/www.ultratourmonterosa.com\/?s={search_term_string}"},"query-input":{"@type":"PropertyValueSpecification","valueRequired":true,"valueName":"search_term_string"}}],"inLanguage":"fr-FR"},{"@type":"Organization","@id":"https:\/\/www.ultratourmonterosa.com\/#organization","name":"Ultra Tour Monte Rosa","url":"https:\/\/www.ultratourmonterosa.com\/","logo":{"@type":"ImageObject","inLanguage":"fr-FR","@id":"https:\/\/www.ultratourmonterosa.com\/#\/schema\/logo\/image\/","url":"https:\/\/www.ultratourmonterosa.com\/wp-content\/uploads\/2024\/09\/UTMR-logo-300px-1.png","contentUrl":"https:\/\/www.ultratourmonterosa.com\/wp-content\/uploads\/2024\/09\/UTMR-logo-300px-1.png","width":300,"height":300,"caption":"Ultra Tour Monte Rosa"},"image":{"@id":"https:\/\/www.ultratourmonterosa.com\/#\/schema\/logo\/image\/"},"sameAs":["https:\/\/www.facebook.com\/UltraTourMonteRosa\/","https:\/\/x.com\/UltraMonteRosa"]},{"@type":"Person","@id":"https:\/\/www.ultratourmonterosa.com\/#\/schema\/person\/72f7296afeceebba242f8f36428a79ac","name":"Lizzy Hawker","image":{"@type":"ImageObject","inLanguage":"fr-FR","@id":"https:\/\/secure.gravatar.com\/avatar\/49119c02999c60354d638c5c1aada8a77102334e3410f021d65889dcbdd4b281?s=96&d=mm&r=g","url":"https:\/\/secure.gravatar.com\/avatar\/49119c02999c60354d638c5c1aada8a77102334e3410f021d65889dcbdd4b281?s=96&d=mm&r=g","contentUrl":"https:\/\/secure.gravatar.com\/avatar\/49119c02999c60354d638c5c1aada8a77102334e3410f021d65889dcbdd4b281?s=96&d=mm&r=g","caption":"Lizzy Hawker"},"sameAs":["http:\/\/www.ultratourmonterosa.com\/"],"url":"https:\/\/www.ultratourmonterosa.com\/fr\/author\/lizzy\/"}]}},"jetpack_featured_media_url":"","jetpack_shortlink":"https:\/\/wp.me\/p4DSVg-aXL","jetpack_sharing_enabled":true,"_links":{"self":[{"href":"https:\/\/www.ultratourmonterosa.com\/fr\/wp-json\/wp\/v2\/posts\/42145","targetHints":{"allow":["GET"]}}],"collection":[{"href":"https:\/\/www.ultratourmonterosa.com\/fr\/wp-json\/wp\/v2\/posts"}],"about":[{"href":"https:\/\/www.ultratourmonterosa.com\/fr\/wp-json\/wp\/v2\/types\/post"}],"author":[{"embeddable":true,"href":"https:\/\/www.ultratourmonterosa.com\/fr\/wp-json\/wp\/v2\/users\/2"}],"replies":[{"embeddable":true,"href":"https:\/\/www.ultratourmonterosa.com\/fr\/wp-json\/wp\/v2\/comments?post=42145"}],"version-history":[{"count":1,"href":"https:\/\/www.ultratourmonterosa.com\/fr\/wp-json\/wp\/v2\/posts\/42145\/revisions"}],"predecessor-version":[{"id":42147,"href":"https:\/\/www.ultratourmonterosa.com\/fr\/wp-json\/wp\/v2\/posts\/42145\/revisions\/42147"}],"wp:attachment":[{"href":"https:\/\/www.ultratourmonterosa.com\/fr\/wp-json\/wp\/v2\/media?parent=42145"}],"wp:term":[{"taxonomy":"category","embeddable":true,"href":"https:\/\/www.ultratourmonterosa.com\/fr\/wp-json\/wp\/v2\/categories?post=42145"},{"taxonomy":"post_tag","embeddable":true,"href":"https:\/\/www.ultratourmonterosa.com\/fr\/wp-json\/wp\/v2\/tags?post=42145"}],"curies":[{"name":"wp","href":"https:\/\/api.w.org\/{rel}","templated":true}]}}