{"id":46110,"date":"2021-02-12T16:20:38","date_gmt":"2021-02-12T10:35:38","guid":{"rendered":"https:\/\/www.ultratourmonterosa.com\/?p=46110"},"modified":"2021-02-12T16:25:05","modified_gmt":"2021-02-12T10:40:05","slug":"julien-gilleron-returns-for-the-170-km-ultra-tour","status":"publish","type":"post","link":"https:\/\/www.ultratourmonterosa.com\/fr\/julien-gilleron-returns-for-the-170-km-ultra-tour\/","title":{"rendered":"Julien Gilleron returns for the 170 km Ultra Tour!"},"content":{"rendered":"\n<div style=\"height:10px\" aria-hidden=\"true\" class=\"wp-block-spacer\"><\/div>\n\n\n\n<p><span class=\"has-inline-color has-utmr-blue-color\"><strong>In 2020 we invited Julien Gilleron, a journalist \u00ab\u00a0Trans-Versale<\/strong><\/span>\u00a0\u00bb <span class=\"has-inline-color has-utmr-blue-color\"><strong>who writes for <a href=\"https:\/\/www.widermag.com\/resultats-recherche?sort=date&amp;s=Gilleron\" target=\"_blank\" rel=\"noreferrer noopener\">Wider Magazine<\/a> and <a href=\"https:\/\/alpinemag.fr\/author\/julien-gilleron\/\" target=\"_blank\" rel=\"noreferrer noopener\">Alpinemag<\/a> amongst others, as a media participant in UTMR. Of course with cancellation of the longer events we extended his invitation to our <a href=\"https:\/\/www.graechenberglauf.ch\/\" target=\"_blank\" rel=\"noreferrer noopener\">Gr\u00e4chen Berglauf<\/a>, which ended up as a happy, sunny day of mountain running even while adhering to the restrictions due to the Coronavirus pandemic. Julien came to, wrote about, and won the race in great style! So now we&rsquo;re not sure whether to introduce him as an elite runner, or just as the talented journalist that he is! Either way we are excited to welcome him back for the <a href=\"https:\/\/www.ultratourmonterosa.com\/race-info\/170-km-ultra-tour-info\/\">170 km Ultra<\/a> Tour in September. Good luck Julien and we thank you for your support! <\/strong><\/span><\/p>\n\n\n\n<div style=\"height:10px\" aria-hidden=\"true\" class=\"wp-block-spacer\"><\/div>\n\n\n\n<figure class=\"wp-block-image size-large\"><img loading=\"lazy\" decoding=\"async\" width=\"1024\" height=\"683\" src=\"https:\/\/www.ultratourmonterosa.com\/wp-content\/uploads\/2021\/02\/DSC_4965_FB_\u00a9Jan-Nyka-1-1024x683.jpg\" alt=\"\" class=\"wp-image-46121\" srcset=\"https:\/\/www.ultratourmonterosa.com\/wp-content\/uploads\/2021\/02\/DSC_4965_FB_\u00a9Jan-Nyka-1-1024x683.jpg 1024w, https:\/\/www.ultratourmonterosa.com\/wp-content\/uploads\/2021\/02\/DSC_4965_FB_\u00a9Jan-Nyka-1-300x200.jpg 300w, https:\/\/www.ultratourmonterosa.com\/wp-content\/uploads\/2021\/02\/DSC_4965_FB_\u00a9Jan-Nyka-1-768x512.jpg 768w, https:\/\/www.ultratourmonterosa.com\/wp-content\/uploads\/2021\/02\/DSC_4965_FB_\u00a9Jan-Nyka-1-1536x1024.jpg 1536w, https:\/\/www.ultratourmonterosa.com\/wp-content\/uploads\/2021\/02\/DSC_4965_FB_\u00a9Jan-Nyka-1-100x67.jpg 100w, https:\/\/www.ultratourmonterosa.com\/wp-content\/uploads\/2021\/02\/DSC_4965_FB_\u00a9Jan-Nyka-1-200x133.jpg 200w, https:\/\/www.ultratourmonterosa.com\/wp-content\/uploads\/2021\/02\/DSC_4965_FB_\u00a9Jan-Nyka-1-105x70.jpg 105w, https:\/\/www.ultratourmonterosa.com\/wp-content\/uploads\/2021\/02\/DSC_4965_FB_\u00a9Jan-Nyka-1-75x50.jpg 75w, https:\/\/www.ultratourmonterosa.com\/wp-content\/uploads\/2021\/02\/DSC_4965_FB_\u00a9Jan-Nyka-1.jpg 1920w\" sizes=\"auto, (max-width: 1024px) 100vw, 1024px\" \/><\/figure>\n\n\n\n<div style=\"height:25px\" aria-hidden=\"true\" class=\"wp-block-spacer\"><\/div>\n\n\n\n<p><strong><span class=\"has-inline-color has-utmr-blue-color\">Q. Do you remember how you first heard about UTMR or what attracted you to the UTMR challenge?&nbsp;<\/span><\/strong> It&rsquo;s strange: I almost have trouble remembering &#8211; the UTMR seems to have been anchored in my memory for such a long time. But I believe that it was by Sebastien Chaigneau speaking of the UTMR. I remember very well that he called it, \u00ab\u00a0one of the wildest, toughest, authentic and most committed races in the world\u00a0\u00bb.<\/p>\n\n\n\n<p>It immediately intrigued me, because his comment exactly matched my vision of what ultra is all about. I was interested in the Ronda del Cims, for example. This kind of committed race interested me, hard, but so intense! I then discovered the UTMR: there, I saw the organizer, Lizzy Hawker! Everything went very quickly then, it was obvious. At the same time, I was reading Lizzy&rsquo;s book &#8230; perfect timing, harmony.&nbsp;<\/p>\n\n\n\n<p><span class=\"has-inline-color has-utmr-blue-color\"><strong>Q. What aspect of the race (or parts of the course) are you looking forward to?&nbsp;<\/strong><\/span> A little excessive, a little n\u00e4ive, a little passionate &#8230; but sincere answer: the totality. Let me explain. When I prepare myself for a long (and certainly difficult) race, I try to remain both fairly \u00ab\u00a0virgin\u00a0\u00bb and without too much information on the course, while visualizing and studying sector by sector (not easy to do both!).&nbsp;<\/p>\n\n\n\n<p>I try to remain in a <strong>greedy<\/strong>, global pleasure, as long as possible. As if I was lying to myself a little! That&rsquo;s why honestly, as the UTMR is such a grandiose, hyper mountainous course, where there are ONLY impressive segments &#8230; I have trouble selecting parts of it. I am looking forward to the totality. if you really had to choose? I saw some pictures of the fueling points, and I was impressed by their beauty, the care and the help of the volunteers. The smiles of the runners, who return to run. Concerning the course, going from one side of the Matterhorn to the other must be a powerful experience. I love the Gr\u00e4chen-Zermatt trail, but I don&rsquo;t know much about the rest. I&rsquo;m impatient to discover the Italian side, in particular Passo Turlo to Passo Monte Moro, which are legendary for me. But I don&rsquo;t know it at all\u2026 yet!<\/p>\n\n\n\n<p><strong><span class=\"has-inline-color has-utmr-blue-color\">Q. Are you going to train this year with the UTMR precisely in mind or just stay in shape through running?<\/span>&nbsp;<\/strong> Clearly, the <a href=\"https:\/\/www.ultratourmonterosa.com\/race-info\/170-km-ultra-tour-info\/\">UTMR 100 mile ultra<\/a> is the ultimate, main, central objective of 2021. Each month until the race, and even since October 2020 &#8211; for example, the choice of my rest periods in November 2020, was always decided with the image of the UTMR in mind. This race lives in me, but in a very positive, joyful way, I would say.&nbsp;<strong><span class=\"has-inline-color has-utmr-blue-color\">&nbsp;<\/span><\/strong><\/p>\n\n\n\n<p><strong><span class=\"has-inline-color has-utmr-blue-color\">Q. Does pizza work for you at checkpoints? What are you counting on to continue?<\/span><\/strong> It&rsquo;s confession time &#8230; I&rsquo;m crazy about pizza, but sadly, I don&rsquo;t allow myself to eat pizza (a \u00ab\u00a0pleasure-food\u00a0\u00bb by definition) too much. On a 100M at fueling-stations? Pleasure is nice of course &#8230; but watch out for undesirable effects, hypoglycemia, acidity &#8230; an explosive cocktail. Sad and difficult, but I do not recommend it for myself. Or if my stomach really doesn&rsquo;t accept anything else! But at the finish line, then yes in triplicate!&nbsp;<\/p>\n\n\n\n<p>How to succeed in continuing? There will be hard times, that&rsquo;s for sure. Quite a few secrets in my opinion: to be well prepared physically (volume, volume), and especially mentally. In my opinion, 60% at least relies on the mind- being able to approach full consciousness, to immerse yourself 200% in each minute of the race. And therefore &#8230; enjoy it. To welcome pain, small problems and the weather in a different way. Finally, concerning the food: mhhhhh &#8230;.. I have an incredible luck, which is to never have digestive problems. Nevertheless, I discovered &#8230; tuna in oil, canned lentils! I remember 30 hours of racing eating the best watermelon of my life. <\/p>\n\n\n\n<p>As a bonus: I dream of it, but will it be possible? For once, I would really like someone to help crew me, a loved one, to share that with her or him. It would be a real dream, and to not want the usual solitude.<\/p>\n\n\n\n<p><span class=\"has-inline-color has-utmr-blue-color\"><strong>Q. Do you have any secret tips to share with other runners that you&rsquo;ve learned over the years that increase your chances of finishing?&nbsp;<\/strong><\/span> Ah ah, no secrets. I have relatively little experience &#8211; let&rsquo;s stay humble &#8211; and put things into perspective! But what if I really had to say a few things that can change everything?&nbsp;First, be mentally prepared, so not to suffer, no, rather to be \u00ab\u00a0200% in. in\u00a0\u00bb, and work as long as possible, before the race.&nbsp;Secondly, not to have a food experiment on the day. Stay on safe values, and keep as large a range of \u00ab\u00a0pleasure\u00a0\u00bb foods as possible. And have Plan B, Plan G, Plan W. Thirdly, visualize the big day as a day of celebration.&nbsp;And lastly, share with someone? A runner met the same day, or friend or a relative&#8230;&nbsp;<\/p>\n\n\n\n<p><strong><span class=\"has-inline-color has-utmr-blue-color\">Q. Do you talk to yourself a lot when the going gets tough? What helps you keep going when you are feeling very hard?&nbsp;<\/span><\/strong>In the long distance, I try as much as possible to remain silent with myself. I try not to \u00ab\u00a0disturb myself\u00a0\u00bb, I can be very annoying, talkative, annoying with myself! When the difficulty increases, I mostly start to breathe differently, work on the breath, the visualization &#8230; start to put myself in anesthesia a bit, or switch my mind. I also use repetitive sentences a lot, probably \u00ab\u00a0basic\u00a0\u00bb self-hypnosis &#8230; And then when it&rsquo;s too hard &#8230; visualise by kilometer sections, it remains essential I think, the course of 70, 100, 130K &#8230;&nbsp;<\/p>\n\n\n\n<p><strong><span class=\"has-inline-color has-utmr-blue-color\">Thank you Julien, see you in September!<\/span><\/strong><\/p>\n\n\n\n<div style=\"height:25px\" aria-hidden=\"true\" class=\"wp-block-spacer\"><\/div>\n\n\n\n<div class=\"wp-block-jetpack-tiled-gallery aligncenter is-style-rectangular\"><div class=\"tiled-gallery__gallery\"><div class=\"tiled-gallery__row\"><div class=\"tiled-gallery__col\" style=\"flex-basis:34.82111254603721%\"><figure class=\"tiled-gallery__item\"><img decoding=\"async\" srcset=\"https:\/\/i0.wp.com\/www.ultratourmonterosa.com\/wp-content\/uploads\/2021\/02\/Sam-Hill-Berglauf-2020-63-DSC07189.jpg?strip=info&#038;w=600&#038;ssl=1 600w,https:\/\/i0.wp.com\/www.ultratourmonterosa.com\/wp-content\/uploads\/2021\/02\/Sam-Hill-Berglauf-2020-63-DSC07189.jpg?strip=info&#038;w=900&#038;ssl=1 900w,https:\/\/i0.wp.com\/www.ultratourmonterosa.com\/wp-content\/uploads\/2021\/02\/Sam-Hill-Berglauf-2020-63-DSC07189.jpg?strip=info&#038;w=1200&#038;ssl=1 1200w,https:\/\/i0.wp.com\/www.ultratourmonterosa.com\/wp-content\/uploads\/2021\/02\/Sam-Hill-Berglauf-2020-63-DSC07189.jpg?strip=info&#038;w=1280&#038;ssl=1 1280w\" alt=\"\" data-height=\"1600\" data-id=\"46116\" data-link=\"https:\/\/www.ultratourmonterosa.com\/?attachment_id=46116\" data-url=\"https:\/\/www.ultratourmonterosa.com\/wp-content\/uploads\/2021\/02\/Sam-Hill-Berglauf-2020-63-DSC07189.jpg\" data-width=\"1280\" src=\"https:\/\/i0.wp.com\/www.ultratourmonterosa.com\/wp-content\/uploads\/2021\/02\/Sam-Hill-Berglauf-2020-63-DSC07189.jpg?ssl=1\" layout=\"responsive\"\/><\/figure><\/div><div class=\"tiled-gallery__col\" style=\"flex-basis:65.17888745396279%\"><figure class=\"tiled-gallery__item\"><img decoding=\"async\" srcset=\"https:\/\/i1.wp.com\/www.ultratourmonterosa.com\/wp-content\/uploads\/2021\/02\/DSC_0070_FB_\u00a9Jan-Nyka.jpg?strip=info&#038;w=600&#038;ssl=1 600w,https:\/\/i1.wp.com\/www.ultratourmonterosa.com\/wp-content\/uploads\/2021\/02\/DSC_0070_FB_\u00a9Jan-Nyka.jpg?strip=info&#038;w=900&#038;ssl=1 900w,https:\/\/i1.wp.com\/www.ultratourmonterosa.com\/wp-content\/uploads\/2021\/02\/DSC_0070_FB_\u00a9Jan-Nyka.jpg?strip=info&#038;w=1200&#038;ssl=1 1200w,https:\/\/i1.wp.com\/www.ultratourmonterosa.com\/wp-content\/uploads\/2021\/02\/DSC_0070_FB_\u00a9Jan-Nyka.jpg?strip=info&#038;w=1500&#038;ssl=1 1500w,https:\/\/i1.wp.com\/www.ultratourmonterosa.com\/wp-content\/uploads\/2021\/02\/DSC_0070_FB_\u00a9Jan-Nyka.jpg?strip=info&#038;w=1800&#038;ssl=1 1800w,https:\/\/i1.wp.com\/www.ultratourmonterosa.com\/wp-content\/uploads\/2021\/02\/DSC_0070_FB_\u00a9Jan-Nyka.jpg?strip=info&#038;w=1980&#038;ssl=1 1980w\" alt=\"\" data-height=\"1320\" data-id=\"46111\" data-link=\"https:\/\/www.ultratourmonterosa.com\/?attachment_id=46111\" data-url=\"https:\/\/www.ultratourmonterosa.com\/wp-content\/uploads\/2021\/02\/DSC_0070_FB_\u00a9Jan-Nyka.jpg\" data-width=\"1980\" src=\"https:\/\/i1.wp.com\/www.ultratourmonterosa.com\/wp-content\/uploads\/2021\/02\/DSC_0070_FB_\u00a9Jan-Nyka.jpg?ssl=1\" layout=\"responsive\"\/><\/figure><\/div><\/div><\/div><\/div>\n","protected":false},"excerpt":{"rendered":"<p>In 2020 we invited Julien Gilleron, a journalist \u00ab\u00a0Trans-Versale\u00a0\u00bb who writes for Wider Magazine and Alpinemag amongst others, as a media participant in UTMR. Of course with cancellation of the longer events we extended his invitation to our Gr\u00e4chen Berglauf, which ended up as a happy, sunny day of mountain running even while adhering to [&hellip;]<\/p>\n","protected":false},"author":2,"featured_media":46121,"comment_status":"open","ping_status":"open","sticky":false,"template":"","format":"standard","meta":{"_acf_changed":false,"jetpack_post_was_ever_published":false,"_jetpack_newsletter_access":"","_jetpack_dont_email_post_to_subs":false,"_jetpack_newsletter_tier_id":0,"_jetpack_memberships_contains_paywalled_content":false,"_jetpack_memberships_contains_paid_content":false,"footnotes":"","_wp_rev_ctl_limit":""},"categories":[16],"tags":[],"class_list":["post-46110","post","type-post","status-publish","format-standard","has-post-thumbnail","hentry","category-blog"],"acf":[],"yoast_head":"<!-- This site is optimized with the Yoast SEO plugin v27.5 - https:\/\/yoast.com\/product\/yoast-seo-wordpress\/ -->\n<title>Julien Gilleron returns for the 170 km Ultra Tour! - Ultra Tour Monte Rosa<\/title>\n<meta name=\"robots\" content=\"index, follow, max-snippet:-1, max-image-preview:large, max-video-preview:-1\" \/>\n<link rel=\"canonical\" href=\"https:\/\/www.ultratourmonterosa.com\/julien-gilleron-returns-for-the-170-km-ultra-tour\/\" \/>\n<meta property=\"og:locale\" content=\"fr_FR\" \/>\n<meta property=\"og:type\" content=\"article\" \/>\n<meta property=\"og:title\" content=\"Julien Gilleron returns for the 170 km Ultra Tour! - Ultra Tour Monte Rosa\" \/>\n<meta property=\"og:description\" content=\"In 2020 we invited Julien Gilleron, a journalist \u00ab\u00a0Trans-Versale\u00a0\u00bb who writes for Wider Magazine and Alpinemag amongst others, as a media participant in UTMR. Of course with cancellation of the longer events we extended his invitation to our Gr\u00e4chen Berglauf, which ended up as a happy, sunny day of mountain running even while adhering to [&hellip;]\" \/>\n<meta property=\"og:url\" content=\"https:\/\/www.ultratourmonterosa.com\/julien-gilleron-returns-for-the-170-km-ultra-tour\/\" \/>\n<meta property=\"og:site_name\" content=\"Ultra Tour Monte Rosa\" \/>\n<meta property=\"article:publisher\" content=\"https:\/\/www.facebook.com\/UltraTourMonteRosa\/\" \/>\n<meta property=\"article:published_time\" content=\"2021-02-12T10:35:38+00:00\" \/>\n<meta property=\"article:modified_time\" content=\"2021-02-12T10:40:05+00:00\" \/>\n<meta property=\"og:image\" content=\"https:\/\/www.ultratourmonterosa.com\/wp-content\/uploads\/2021\/02\/DSC_4965_FB_\u00a9Jan-Nyka-1.jpg\" \/>\n\t<meta property=\"og:image:width\" content=\"1920\" \/>\n\t<meta property=\"og:image:height\" content=\"1280\" \/>\n\t<meta property=\"og:image:type\" content=\"image\/jpeg\" \/>\n<meta name=\"author\" content=\"Lizzy Hawker\" \/>\n<meta name=\"twitter:card\" content=\"summary_large_image\" \/>\n<meta name=\"twitter:creator\" content=\"@UltraMonteRosa\" \/>\n<meta name=\"twitter:site\" content=\"@UltraMonteRosa\" \/>\n<meta name=\"twitter:label1\" content=\"\u00c9crit par\" \/>\n\t<meta name=\"twitter:data1\" content=\"Lizzy Hawker\" \/>\n\t<meta name=\"twitter:label2\" content=\"Dur\u00e9e de lecture estim\u00e9e\" \/>\n\t<meta name=\"twitter:data2\" content=\"6 minutes\" \/>\n<script type=\"application\/ld+json\" class=\"yoast-schema-graph\">{\"@context\":\"https:\\\/\\\/schema.org\",\"@graph\":[{\"@type\":\"Article\",\"@id\":\"https:\\\/\\\/www.ultratourmonterosa.com\\\/julien-gilleron-returns-for-the-170-km-ultra-tour\\\/#article\",\"isPartOf\":{\"@id\":\"https:\\\/\\\/www.ultratourmonterosa.com\\\/julien-gilleron-returns-for-the-170-km-ultra-tour\\\/\"},\"author\":{\"name\":\"Lizzy Hawker\",\"@id\":\"https:\\\/\\\/www.ultratourmonterosa.com\\\/#\\\/schema\\\/person\\\/72f7296afeceebba242f8f36428a79ac\"},\"headline\":\"Julien Gilleron returns for the 170 km Ultra Tour!\",\"datePublished\":\"2021-02-12T10:35:38+00:00\",\"dateModified\":\"2021-02-12T10:40:05+00:00\",\"mainEntityOfPage\":{\"@id\":\"https:\\\/\\\/www.ultratourmonterosa.com\\\/julien-gilleron-returns-for-the-170-km-ultra-tour\\\/\"},\"wordCount\":1107,\"commentCount\":0,\"publisher\":{\"@id\":\"https:\\\/\\\/www.ultratourmonterosa.com\\\/#organization\"},\"image\":{\"@id\":\"https:\\\/\\\/www.ultratourmonterosa.com\\\/julien-gilleron-returns-for-the-170-km-ultra-tour\\\/#primaryimage\"},\"thumbnailUrl\":\"https:\\\/\\\/www.ultratourmonterosa.com\\\/wp-content\\\/uploads\\\/2021\\\/02\\\/DSC_4965_FB_\u00a9Jan-Nyka-1.jpg\",\"articleSection\":[\"Blog\"],\"inLanguage\":\"fr-FR\",\"potentialAction\":[{\"@type\":\"CommentAction\",\"name\":\"Comment\",\"target\":[\"https:\\\/\\\/www.ultratourmonterosa.com\\\/julien-gilleron-returns-for-the-170-km-ultra-tour\\\/#respond\"]}]},{\"@type\":\"WebPage\",\"@id\":\"https:\\\/\\\/www.ultratourmonterosa.com\\\/julien-gilleron-returns-for-the-170-km-ultra-tour\\\/\",\"url\":\"https:\\\/\\\/www.ultratourmonterosa.com\\\/julien-gilleron-returns-for-the-170-km-ultra-tour\\\/\",\"name\":\"Julien Gilleron returns for the 170 km Ultra Tour! - Ultra Tour Monte Rosa\",\"isPartOf\":{\"@id\":\"https:\\\/\\\/www.ultratourmonterosa.com\\\/#website\"},\"primaryImageOfPage\":{\"@id\":\"https:\\\/\\\/www.ultratourmonterosa.com\\\/julien-gilleron-returns-for-the-170-km-ultra-tour\\\/#primaryimage\"},\"image\":{\"@id\":\"https:\\\/\\\/www.ultratourmonterosa.com\\\/julien-gilleron-returns-for-the-170-km-ultra-tour\\\/#primaryimage\"},\"thumbnailUrl\":\"https:\\\/\\\/www.ultratourmonterosa.com\\\/wp-content\\\/uploads\\\/2021\\\/02\\\/DSC_4965_FB_\u00a9Jan-Nyka-1.jpg\",\"datePublished\":\"2021-02-12T10:35:38+00:00\",\"dateModified\":\"2021-02-12T10:40:05+00:00\",\"breadcrumb\":{\"@id\":\"https:\\\/\\\/www.ultratourmonterosa.com\\\/julien-gilleron-returns-for-the-170-km-ultra-tour\\\/#breadcrumb\"},\"inLanguage\":\"fr-FR\",\"potentialAction\":[{\"@type\":\"ReadAction\",\"target\":[\"https:\\\/\\\/www.ultratourmonterosa.com\\\/julien-gilleron-returns-for-the-170-km-ultra-tour\\\/\"]}]},{\"@type\":\"ImageObject\",\"inLanguage\":\"fr-FR\",\"@id\":\"https:\\\/\\\/www.ultratourmonterosa.com\\\/julien-gilleron-returns-for-the-170-km-ultra-tour\\\/#primaryimage\",\"url\":\"https:\\\/\\\/www.ultratourmonterosa.com\\\/wp-content\\\/uploads\\\/2021\\\/02\\\/DSC_4965_FB_\u00a9Jan-Nyka-1.jpg\",\"contentUrl\":\"https:\\\/\\\/www.ultratourmonterosa.com\\\/wp-content\\\/uploads\\\/2021\\\/02\\\/DSC_4965_FB_\u00a9Jan-Nyka-1.jpg\",\"width\":1920,\"height\":1280},{\"@type\":\"BreadcrumbList\",\"@id\":\"https:\\\/\\\/www.ultratourmonterosa.com\\\/julien-gilleron-returns-for-the-170-km-ultra-tour\\\/#breadcrumb\",\"itemListElement\":[{\"@type\":\"ListItem\",\"position\":1,\"name\":\"Home\",\"item\":\"https:\\\/\\\/www.ultratourmonterosa.com\\\/fr\\\/\"},{\"@type\":\"ListItem\",\"position\":2,\"name\":\"Julien Gilleron returns for the 170 km Ultra Tour!\"}]},{\"@type\":\"WebSite\",\"@id\":\"https:\\\/\\\/www.ultratourmonterosa.com\\\/#website\",\"url\":\"https:\\\/\\\/www.ultratourmonterosa.com\\\/\",\"name\":\"Ultra Tour Monte Rosa\",\"description\":\"4-7 september 2019\",\"publisher\":{\"@id\":\"https:\\\/\\\/www.ultratourmonterosa.com\\\/#organization\"},\"potentialAction\":[{\"@type\":\"SearchAction\",\"target\":{\"@type\":\"EntryPoint\",\"urlTemplate\":\"https:\\\/\\\/www.ultratourmonterosa.com\\\/?s={search_term_string}\"},\"query-input\":{\"@type\":\"PropertyValueSpecification\",\"valueRequired\":true,\"valueName\":\"search_term_string\"}}],\"inLanguage\":\"fr-FR\"},{\"@type\":\"Organization\",\"@id\":\"https:\\\/\\\/www.ultratourmonterosa.com\\\/#organization\",\"name\":\"Ultra Tour Monte Rosa\",\"url\":\"https:\\\/\\\/www.ultratourmonterosa.com\\\/\",\"logo\":{\"@type\":\"ImageObject\",\"inLanguage\":\"fr-FR\",\"@id\":\"https:\\\/\\\/www.ultratourmonterosa.com\\\/#\\\/schema\\\/logo\\\/image\\\/\",\"url\":\"https:\\\/\\\/www.ultratourmonterosa.com\\\/wp-content\\\/uploads\\\/2024\\\/09\\\/UTMR-logo-300px-1.png\",\"contentUrl\":\"https:\\\/\\\/www.ultratourmonterosa.com\\\/wp-content\\\/uploads\\\/2024\\\/09\\\/UTMR-logo-300px-1.png\",\"width\":300,\"height\":300,\"caption\":\"Ultra Tour Monte Rosa\"},\"image\":{\"@id\":\"https:\\\/\\\/www.ultratourmonterosa.com\\\/#\\\/schema\\\/logo\\\/image\\\/\"},\"sameAs\":[\"https:\\\/\\\/www.facebook.com\\\/UltraTourMonteRosa\\\/\",\"https:\\\/\\\/x.com\\\/UltraMonteRosa\"]},{\"@type\":\"Person\",\"@id\":\"https:\\\/\\\/www.ultratourmonterosa.com\\\/#\\\/schema\\\/person\\\/72f7296afeceebba242f8f36428a79ac\",\"name\":\"Lizzy Hawker\",\"image\":{\"@type\":\"ImageObject\",\"inLanguage\":\"fr-FR\",\"@id\":\"https:\\\/\\\/secure.gravatar.com\\\/avatar\\\/49119c02999c60354d638c5c1aada8a77102334e3410f021d65889dcbdd4b281?s=96&d=mm&r=g\",\"url\":\"https:\\\/\\\/secure.gravatar.com\\\/avatar\\\/49119c02999c60354d638c5c1aada8a77102334e3410f021d65889dcbdd4b281?s=96&d=mm&r=g\",\"contentUrl\":\"https:\\\/\\\/secure.gravatar.com\\\/avatar\\\/49119c02999c60354d638c5c1aada8a77102334e3410f021d65889dcbdd4b281?s=96&d=mm&r=g\",\"caption\":\"Lizzy Hawker\"},\"sameAs\":[\"http:\\\/\\\/www.ultratourmonterosa.com\\\/\"],\"url\":\"https:\\\/\\\/www.ultratourmonterosa.com\\\/fr\\\/author\\\/lizzy\\\/\"}]}<\/script>\n<!-- \/ Yoast SEO plugin. -->","yoast_head_json":{"title":"Julien Gilleron returns for the 170 km Ultra Tour! - Ultra Tour Monte Rosa","robots":{"index":"index","follow":"follow","max-snippet":"max-snippet:-1","max-image-preview":"max-image-preview:large","max-video-preview":"max-video-preview:-1"},"canonical":"https:\/\/www.ultratourmonterosa.com\/julien-gilleron-returns-for-the-170-km-ultra-tour\/","og_locale":"fr_FR","og_type":"article","og_title":"Julien Gilleron returns for the 170 km Ultra Tour! - Ultra Tour Monte Rosa","og_description":"In 2020 we invited Julien Gilleron, a journalist \u00ab\u00a0Trans-Versale\u00a0\u00bb who writes for Wider Magazine and Alpinemag amongst others, as a media participant in UTMR. Of course with cancellation of the longer events we extended his invitation to our Gr\u00e4chen Berglauf, which ended up as a happy, sunny day of mountain running even while adhering to [&hellip;]","og_url":"https:\/\/www.ultratourmonterosa.com\/julien-gilleron-returns-for-the-170-km-ultra-tour\/","og_site_name":"Ultra Tour Monte Rosa","article_publisher":"https:\/\/www.facebook.com\/UltraTourMonteRosa\/","article_published_time":"2021-02-12T10:35:38+00:00","article_modified_time":"2021-02-12T10:40:05+00:00","og_image":[{"width":1920,"height":1280,"url":"https:\/\/www.ultratourmonterosa.com\/wp-content\/uploads\/2021\/02\/DSC_4965_FB_\u00a9Jan-Nyka-1.jpg","type":"image\/jpeg"}],"author":"Lizzy Hawker","twitter_card":"summary_large_image","twitter_creator":"@UltraMonteRosa","twitter_site":"@UltraMonteRosa","twitter_misc":{"\u00c9crit par":"Lizzy Hawker","Dur\u00e9e de lecture estim\u00e9e":"6 minutes"},"schema":{"@context":"https:\/\/schema.org","@graph":[{"@type":"Article","@id":"https:\/\/www.ultratourmonterosa.com\/julien-gilleron-returns-for-the-170-km-ultra-tour\/#article","isPartOf":{"@id":"https:\/\/www.ultratourmonterosa.com\/julien-gilleron-returns-for-the-170-km-ultra-tour\/"},"author":{"name":"Lizzy Hawker","@id":"https:\/\/www.ultratourmonterosa.com\/#\/schema\/person\/72f7296afeceebba242f8f36428a79ac"},"headline":"Julien Gilleron returns for the 170 km Ultra Tour!","datePublished":"2021-02-12T10:35:38+00:00","dateModified":"2021-02-12T10:40:05+00:00","mainEntityOfPage":{"@id":"https:\/\/www.ultratourmonterosa.com\/julien-gilleron-returns-for-the-170-km-ultra-tour\/"},"wordCount":1107,"commentCount":0,"publisher":{"@id":"https:\/\/www.ultratourmonterosa.com\/#organization"},"image":{"@id":"https:\/\/www.ultratourmonterosa.com\/julien-gilleron-returns-for-the-170-km-ultra-tour\/#primaryimage"},"thumbnailUrl":"https:\/\/www.ultratourmonterosa.com\/wp-content\/uploads\/2021\/02\/DSC_4965_FB_\u00a9Jan-Nyka-1.jpg","articleSection":["Blog"],"inLanguage":"fr-FR","potentialAction":[{"@type":"CommentAction","name":"Comment","target":["https:\/\/www.ultratourmonterosa.com\/julien-gilleron-returns-for-the-170-km-ultra-tour\/#respond"]}]},{"@type":"WebPage","@id":"https:\/\/www.ultratourmonterosa.com\/julien-gilleron-returns-for-the-170-km-ultra-tour\/","url":"https:\/\/www.ultratourmonterosa.com\/julien-gilleron-returns-for-the-170-km-ultra-tour\/","name":"Julien Gilleron returns for the 170 km Ultra Tour! - Ultra Tour Monte Rosa","isPartOf":{"@id":"https:\/\/www.ultratourmonterosa.com\/#website"},"primaryImageOfPage":{"@id":"https:\/\/www.ultratourmonterosa.com\/julien-gilleron-returns-for-the-170-km-ultra-tour\/#primaryimage"},"image":{"@id":"https:\/\/www.ultratourmonterosa.com\/julien-gilleron-returns-for-the-170-km-ultra-tour\/#primaryimage"},"thumbnailUrl":"https:\/\/www.ultratourmonterosa.com\/wp-content\/uploads\/2021\/02\/DSC_4965_FB_\u00a9Jan-Nyka-1.jpg","datePublished":"2021-02-12T10:35:38+00:00","dateModified":"2021-02-12T10:40:05+00:00","breadcrumb":{"@id":"https:\/\/www.ultratourmonterosa.com\/julien-gilleron-returns-for-the-170-km-ultra-tour\/#breadcrumb"},"inLanguage":"fr-FR","potentialAction":[{"@type":"ReadAction","target":["https:\/\/www.ultratourmonterosa.com\/julien-gilleron-returns-for-the-170-km-ultra-tour\/"]}]},{"@type":"ImageObject","inLanguage":"fr-FR","@id":"https:\/\/www.ultratourmonterosa.com\/julien-gilleron-returns-for-the-170-km-ultra-tour\/#primaryimage","url":"https:\/\/www.ultratourmonterosa.com\/wp-content\/uploads\/2021\/02\/DSC_4965_FB_\u00a9Jan-Nyka-1.jpg","contentUrl":"https:\/\/www.ultratourmonterosa.com\/wp-content\/uploads\/2021\/02\/DSC_4965_FB_\u00a9Jan-Nyka-1.jpg","width":1920,"height":1280},{"@type":"BreadcrumbList","@id":"https:\/\/www.ultratourmonterosa.com\/julien-gilleron-returns-for-the-170-km-ultra-tour\/#breadcrumb","itemListElement":[{"@type":"ListItem","position":1,"name":"Home","item":"https:\/\/www.ultratourmonterosa.com\/fr\/"},{"@type":"ListItem","position":2,"name":"Julien Gilleron returns for the 170 km Ultra Tour!"}]},{"@type":"WebSite","@id":"https:\/\/www.ultratourmonterosa.com\/#website","url":"https:\/\/www.ultratourmonterosa.com\/","name":"Ultra Tour Monte Rosa","description":"4-7 september 2019","publisher":{"@id":"https:\/\/www.ultratourmonterosa.com\/#organization"},"potentialAction":[{"@type":"SearchAction","target":{"@type":"EntryPoint","urlTemplate":"https:\/\/www.ultratourmonterosa.com\/?s={search_term_string}"},"query-input":{"@type":"PropertyValueSpecification","valueRequired":true,"valueName":"search_term_string"}}],"inLanguage":"fr-FR"},{"@type":"Organization","@id":"https:\/\/www.ultratourmonterosa.com\/#organization","name":"Ultra Tour Monte Rosa","url":"https:\/\/www.ultratourmonterosa.com\/","logo":{"@type":"ImageObject","inLanguage":"fr-FR","@id":"https:\/\/www.ultratourmonterosa.com\/#\/schema\/logo\/image\/","url":"https:\/\/www.ultratourmonterosa.com\/wp-content\/uploads\/2024\/09\/UTMR-logo-300px-1.png","contentUrl":"https:\/\/www.ultratourmonterosa.com\/wp-content\/uploads\/2024\/09\/UTMR-logo-300px-1.png","width":300,"height":300,"caption":"Ultra Tour Monte Rosa"},"image":{"@id":"https:\/\/www.ultratourmonterosa.com\/#\/schema\/logo\/image\/"},"sameAs":["https:\/\/www.facebook.com\/UltraTourMonteRosa\/","https:\/\/x.com\/UltraMonteRosa"]},{"@type":"Person","@id":"https:\/\/www.ultratourmonterosa.com\/#\/schema\/person\/72f7296afeceebba242f8f36428a79ac","name":"Lizzy Hawker","image":{"@type":"ImageObject","inLanguage":"fr-FR","@id":"https:\/\/secure.gravatar.com\/avatar\/49119c02999c60354d638c5c1aada8a77102334e3410f021d65889dcbdd4b281?s=96&d=mm&r=g","url":"https:\/\/secure.gravatar.com\/avatar\/49119c02999c60354d638c5c1aada8a77102334e3410f021d65889dcbdd4b281?s=96&d=mm&r=g","contentUrl":"https:\/\/secure.gravatar.com\/avatar\/49119c02999c60354d638c5c1aada8a77102334e3410f021d65889dcbdd4b281?s=96&d=mm&r=g","caption":"Lizzy Hawker"},"sameAs":["http:\/\/www.ultratourmonterosa.com\/"],"url":"https:\/\/www.ultratourmonterosa.com\/fr\/author\/lizzy\/"}]}},"jetpack_featured_media_url":"https:\/\/www.ultratourmonterosa.com\/wp-content\/uploads\/2021\/02\/DSC_4965_FB_\u00a9Jan-Nyka-1.jpg","jetpack_shortlink":"https:\/\/wp.me\/p4DSVg-bZI","jetpack_sharing_enabled":true,"_links":{"self":[{"href":"https:\/\/www.ultratourmonterosa.com\/fr\/wp-json\/wp\/v2\/posts\/46110","targetHints":{"allow":["GET"]}}],"collection":[{"href":"https:\/\/www.ultratourmonterosa.com\/fr\/wp-json\/wp\/v2\/posts"}],"about":[{"href":"https:\/\/www.ultratourmonterosa.com\/fr\/wp-json\/wp\/v2\/types\/post"}],"author":[{"embeddable":true,"href":"https:\/\/www.ultratourmonterosa.com\/fr\/wp-json\/wp\/v2\/users\/2"}],"replies":[{"embeddable":true,"href":"https:\/\/www.ultratourmonterosa.com\/fr\/wp-json\/wp\/v2\/comments?post=46110"}],"version-history":[{"count":5,"href":"https:\/\/www.ultratourmonterosa.com\/fr\/wp-json\/wp\/v2\/posts\/46110\/revisions"}],"predecessor-version":[{"id":46205,"href":"https:\/\/www.ultratourmonterosa.com\/fr\/wp-json\/wp\/v2\/posts\/46110\/revisions\/46205"}],"wp:featuredmedia":[{"embeddable":true,"href":"https:\/\/www.ultratourmonterosa.com\/fr\/wp-json\/wp\/v2\/media\/46121"}],"wp:attachment":[{"href":"https:\/\/www.ultratourmonterosa.com\/fr\/wp-json\/wp\/v2\/media?parent=46110"}],"wp:term":[{"taxonomy":"category","embeddable":true,"href":"https:\/\/www.ultratourmonterosa.com\/fr\/wp-json\/wp\/v2\/categories?post=46110"},{"taxonomy":"post_tag","embeddable":true,"href":"https:\/\/www.ultratourmonterosa.com\/fr\/wp-json\/wp\/v2\/tags?post=46110"}],"curies":[{"name":"wp","href":"https:\/\/api.w.org\/{rel}","templated":true}]}}