{"id":32846,"date":"2017-09-29T12:00:35","date_gmt":"2017-09-29T06:15:35","guid":{"rendered":"https:\/\/utmr.run\/?p=32846"},"modified":"2018-07-29T12:38:12","modified_gmt":"2018-07-29T06:53:12","slug":"feedback-from-runners-in-2017","status":"publish","type":"post","link":"https:\/\/www.ultratourmonterosa.com\/it\/feedback-from-runners-in-2017\/","title":{"rendered":"Feedback from runners in 2017"},"content":{"rendered":"<p>While feedback is sometimes critical (and constructive) there is a lot of happy feedback from many race competitors. Here is a selection from 2017&#8230;.<\/p>\n<h3><span style=\"font-weight: 400;\">Basil Geoghegan<\/span><\/h3>\n<p><span style=\"font-weight: 400;\">&#8220;The UTMR was awesome. Putting together a race on this terrain is impressive. I loved it. I have never run a stage race before. Standing in an Alpine village waiting for the clock to strike 6 and running until it strikes 6 again in another village is a great experience. The camaraderie and banter with other runners was better than my expectations.&#8221;<\/span><\/p>\n<h3><span style=\"font-weight: 400;\">Thomas Naughton<\/span><\/h3>\n<p><span style=\"font-weight: 400;\">&#8220;I loved the event. \u00a0I found that because for the stage races you are staying in hotels overnight, you are able to spend a lot more time with your fellow runners than you would if you were doing the ultra. Course is beautiful and I thought organisation was as good as I&#8217;ve seen it for an ultra. \u00a0Volunteers and staff were brilliant. One of the friendliest races I&#8217;ve been at (in terms of people). And one of the most brutal (in terms of terrain)!&#8221;<\/span><\/p>\n<h3><span style=\"font-weight: 400;\">Brett Hochfeld<\/span><\/h3>\n<p><span style=\"font-weight: 400;\">&#8220;I really enjoyed the race beautiful and brutal in equal measure. I loved your personal touch &amp; prayer flags on the summits &#8211; it really added a special feel to the race.&#8221;<\/span><\/p>\n<h3><span style=\"font-weight: 400;\">Janine Canham<\/span><\/h3>\n<p><span style=\"font-weight: 400;\">&#8220;Loved having hotels to sleep in, real food for breakfast &amp; dinner and bags carried for us! \u00a0Altogether a fantastic event.&#8221;<\/span><\/p>\n<h3><span style=\"font-weight: 400;\">Dane Ryan<\/span><\/h3>\n<p><span style=\"font-weight: 400;\">&#8220;This is my third year at the UTMR and I have really enjoyed being part of the race, it has given me focus, a goal and helped my running enormously. The course is challenging and beautiful and the volunteers friendly and helpful, the whole event has a informal almost family feel to it &#8211; which is great.&#8221; <\/span><\/p>\n<h3><span style=\"font-weight: 400;\">Alan Wood<\/span><\/h3>\n<p><span style=\"font-weight: 400;\">&#8220;Fantastic route, really enjoyed the stage race concept. Overall a fantastic event and extremely well organised given the logistical difficulties. I will definitely be recommending the race!&#8221;<\/span><\/p>\n<h3><span style=\"font-weight: 400;\">Nicola Gover<\/span><\/h3>\n<p><span style=\"font-weight: 400;\">&#8220;Great event, really well organised, incredibly well marked and lovely helpful volunteers at all times.&#8221; <\/span><\/p>\n<h3><span style=\"font-weight: 400;\">Aleksandr Vikulin<\/span><\/h3>\n<p><span style=\"font-weight: 400;\">&#8220;The trail is very beautiful. It deserves being run in daylight, so I really loved the staged format.&#8221;<\/span><\/p>\n<h3><span style=\"font-weight: 400;\">Venetia Wingfield<\/span><\/h3>\n<p><span style=\"font-weight: 400;\">&#8220;Still small enough to run in the wild and to make (and find) friends and a good spirit amongst participants and volunteers.&#8221;<\/span><\/p>\n<h3><span style=\"font-weight: 400;\">Lotte Carritt<\/span><\/h3>\n<p><span style=\"font-weight: 400;\">&#8220;Volunteers were always excellent. Always friendly, helpful and encouraging. A real asset to the race.&#8221; <\/span><\/p>\n<h3><span style=\"font-weight: 400;\">Georgia Fane-Hervey<\/span><\/h3>\n<p><span style=\"font-weight: 400;\">&#8220;This was one of the best and most breathtaking adventures I have experienced.&#8221;<\/span><\/p>\n<h3><span style=\"font-weight: 400;\">Sophie Villance<\/span><\/h3>\n<p><span style=\"font-weight: 400;\">&#8220;J&#8217;ai ador\u00e9 cette course, le concept de 4 jours est vraiment g\u00e9nial, les paysages \u00e9taient magnifique et l\u2019organisation \u00e9tait top, un tout grand merci!&#8221;<\/span><\/p>\n<h3><span style=\"font-weight: 400;\">Barb Campbell<\/span><\/h3>\n<p><span style=\"font-weight: 400;\">&#8220;The course was everything you promised and much more. I&#8217;ve finished many races of different kinds but few of them have felt like such a major accomplishment. it was a wonderful experience &#8211; spectacular, adventurous and fun.&#8221;<\/span><\/p>\n<h3><span style=\"font-weight: 400;\">Tobias Hurter<\/span><\/h3>\n<p><span style=\"font-weight: 400;\">&#8220;A great, unforgettable, very hard race. Please keep the personal atmosphere. I&#8217;m glad to pay a higher entrance fee to run in such a friendly atmosphere \u2013 no need for another overcommercialized mass event.&#8221;<\/span><\/p>\n<h3><span style=\"font-weight: 400;\">Helen Cospolich<\/span><\/h3>\n<p><span style=\"font-weight: 400;\">&#8220;I absolutely love this race!&#8221;<\/span><\/p>\n<h3><span style=\"font-weight: 400;\">John Moreton<\/span><\/h3>\n<p><span style=\"font-weight: 400;\">&#8220;I had one of the best, if not toughest runs of my life and loved it all. Thanks and see you all again.&#8221;<\/span><\/p>\n<h3><span style=\"font-weight: 400;\">Derek Fish<\/span><\/h3>\n<p><span style=\"font-weight: 400;\">&#8220;This route was outstandingly beautiful and extremely tough (which I expected).&#8221;<\/span><\/p>\n<h3><span style=\"font-weight: 400;\">Sarah Gilliam<\/span><\/h3>\n<p><span style=\"font-weight: 400;\">&#8220;A week on and I am still blown away by the amazing experience I had running the 170 km race.&#8221; <\/span><\/p>\n<h3><span style=\"font-weight: 400;\">Beverley Redfern<\/span><\/h3>\n<p><span style=\"font-weight: 400;\">&#8220;I thoroughly enjoyed this challenging race and thought the organisation was very good. All queries prior to the race were answered very promptly. This is a very beautiful and challenging race and I feel privileged to have taken part. I felt very well looked after.&#8221;<\/span><\/p>\n<h3><span style=\"font-weight: 400;\">Spyridon Siakoufis<\/span><\/h3>\n<p><span style=\"font-weight: 400;\">&#8220;I felt that you really love what you are doing and that is what I am looking for on these races. Thank you for the experience.&#8221; <\/span><\/p>\n<h3><span style=\"font-weight: 400;\">Johannes Parkkonen<\/span><\/h3>\n<p><span style=\"font-weight: 400;\">&#8220;It&#8217;s one of the most memorable and rewarding races I have done.&#8221;<\/span><\/p>\n<h3><span style=\"font-weight: 400;\">Peter Hjelmstr\u00f6m<\/span><\/h3>\n<p><span style=\"font-weight: 400;\">&#8220;Great race in absolutely astounding mountains. Excellent and challenging race course. Although a major large race, the race organizers and volunteers made it a very personal experience.&#8221;<\/span><\/p>\n<h3><span style=\"font-weight: 400;\">Philip Pearson<\/span><\/h3>\n<p><span style=\"font-weight: 400;\">&#8220;Thanks very much for staging such a tremendous event. I thoroughly enjoyed every minute of it. The route and scenery would be hard to beat anywhere in the world and I met many lovely people over the four days.&#8221;<\/span><\/p>\n","protected":false},"excerpt":{"rendered":"<p>While feedback is sometimes critical (and constructive) there is a lot of happy feedback from many race competitors. Here is a selection from 2017&#8230;. Basil Geoghegan &#8220;The UTMR was awesome. Putting together a race on this terrain is impressive. I loved it. I have never run a stage race before. Standing in an Alpine village [&hellip;]<\/p>\n","protected":false},"author":5,"featured_media":32847,"comment_status":"open","ping_status":"open","sticky":false,"template":"","format":"standard","meta":{"_acf_changed":false,"jetpack_post_was_ever_published":false,"_jetpack_newsletter_access":"","_jetpack_dont_email_post_to_subs":false,"_jetpack_newsletter_tier_id":0,"_jetpack_memberships_contains_paywalled_content":false,"_jetpack_memberships_contains_paid_content":false,"footnotes":"","_wp_rev_ctl_limit":""},"categories":[100,16],"tags":[102],"class_list":["post-32846","post","type-post","status-publish","format-standard","has-post-thumbnail","hentry","category-100-km-ultra","category-blog","tag-bucketlist"],"acf":[],"yoast_head":"<!-- This site is optimized with the Yoast SEO plugin v27.5 - https:\/\/yoast.com\/product\/yoast-seo-wordpress\/ -->\n<title>Feedback from runners in 2017 - Ultra Tour Monte Rosa<\/title>\n<meta name=\"robots\" content=\"index, follow, max-snippet:-1, max-image-preview:large, max-video-preview:-1\" \/>\n<link rel=\"canonical\" href=\"https:\/\/www.ultratourmonterosa.com\/feedback-from-runners-in-2017\/\" \/>\n<meta property=\"og:locale\" content=\"it_IT\" \/>\n<meta property=\"og:type\" content=\"article\" \/>\n<meta property=\"og:title\" content=\"Feedback from runners in 2017 - Ultra Tour Monte Rosa\" \/>\n<meta property=\"og:description\" content=\"While feedback is sometimes critical (and constructive) there is a lot of happy feedback from many race competitors. Here is a selection from 2017&#8230;. Basil Geoghegan &#8220;The UTMR was awesome. Putting together a race on this terrain is impressive. I loved it. I have never run a stage race before. Standing in an Alpine village [&hellip;]\" \/>\n<meta property=\"og:url\" content=\"https:\/\/www.ultratourmonterosa.com\/feedback-from-runners-in-2017\/\" \/>\n<meta property=\"og:site_name\" content=\"Ultra Tour Monte Rosa\" \/>\n<meta property=\"article:publisher\" content=\"https:\/\/www.facebook.com\/UltraTourMonteRosa\/\" \/>\n<meta property=\"article:published_time\" content=\"2017-09-29T06:15:35+00:00\" \/>\n<meta property=\"article:modified_time\" content=\"2018-07-29T06:53:12+00:00\" \/>\n<meta property=\"og:image\" content=\"https:\/\/www.ultratourmonterosa.com\/wp-content\/uploads\/2018\/07\/UTMR-2015-Day-1-IMG_9031-LBelcher-WEB-1.jpg\" \/>\n\t<meta property=\"og:image:width\" content=\"1600\" \/>\n\t<meta property=\"og:image:height\" content=\"1066\" \/>\n\t<meta property=\"og:image:type\" content=\"image\/jpeg\" \/>\n<meta name=\"author\" content=\"UTMR Admin\" \/>\n<meta name=\"twitter:card\" content=\"summary_large_image\" \/>\n<meta name=\"twitter:creator\" content=\"@UltraMonteRosa\" \/>\n<meta name=\"twitter:site\" content=\"@UltraMonteRosa\" \/>\n<meta name=\"twitter:label1\" content=\"Scritto da\" \/>\n\t<meta name=\"twitter:data1\" content=\"UTMR Admin\" \/>\n\t<meta name=\"twitter:label2\" content=\"Tempo di lettura stimato\" \/>\n\t<meta name=\"twitter:data2\" content=\"4 minuti\" \/>\n<script type=\"application\/ld+json\" class=\"yoast-schema-graph\">{\"@context\":\"https:\\\/\\\/schema.org\",\"@graph\":[{\"@type\":\"Article\",\"@id\":\"https:\\\/\\\/www.ultratourmonterosa.com\\\/feedback-from-runners-in-2017\\\/#article\",\"isPartOf\":{\"@id\":\"https:\\\/\\\/www.ultratourmonterosa.com\\\/feedback-from-runners-in-2017\\\/\"},\"author\":{\"name\":\"UTMR Admin\",\"@id\":\"https:\\\/\\\/www.ultratourmonterosa.com\\\/#\\\/schema\\\/person\\\/0e956cc597b5277039bcc6b448dea1ab\"},\"headline\":\"Feedback from runners in 2017\",\"datePublished\":\"2017-09-29T06:15:35+00:00\",\"dateModified\":\"2018-07-29T06:53:12+00:00\",\"mainEntityOfPage\":{\"@id\":\"https:\\\/\\\/www.ultratourmonterosa.com\\\/feedback-from-runners-in-2017\\\/\"},\"wordCount\":746,\"commentCount\":0,\"publisher\":{\"@id\":\"https:\\\/\\\/www.ultratourmonterosa.com\\\/#organization\"},\"image\":{\"@id\":\"https:\\\/\\\/www.ultratourmonterosa.com\\\/feedback-from-runners-in-2017\\\/#primaryimage\"},\"thumbnailUrl\":\"https:\\\/\\\/www.ultratourmonterosa.com\\\/wp-content\\\/uploads\\\/2018\\\/07\\\/UTMR-2015-Day-1-IMG_9031-LBelcher-WEB-1.jpg\",\"keywords\":[\"bucketlist\"],\"articleSection\":[\"100 km ultra\",\"Blog\"],\"inLanguage\":\"it-IT\",\"potentialAction\":[{\"@type\":\"CommentAction\",\"name\":\"Comment\",\"target\":[\"https:\\\/\\\/www.ultratourmonterosa.com\\\/feedback-from-runners-in-2017\\\/#respond\"]}]},{\"@type\":\"WebPage\",\"@id\":\"https:\\\/\\\/www.ultratourmonterosa.com\\\/feedback-from-runners-in-2017\\\/\",\"url\":\"https:\\\/\\\/www.ultratourmonterosa.com\\\/feedback-from-runners-in-2017\\\/\",\"name\":\"Feedback from runners in 2017 - Ultra Tour Monte Rosa\",\"isPartOf\":{\"@id\":\"https:\\\/\\\/www.ultratourmonterosa.com\\\/#website\"},\"primaryImageOfPage\":{\"@id\":\"https:\\\/\\\/www.ultratourmonterosa.com\\\/feedback-from-runners-in-2017\\\/#primaryimage\"},\"image\":{\"@id\":\"https:\\\/\\\/www.ultratourmonterosa.com\\\/feedback-from-runners-in-2017\\\/#primaryimage\"},\"thumbnailUrl\":\"https:\\\/\\\/www.ultratourmonterosa.com\\\/wp-content\\\/uploads\\\/2018\\\/07\\\/UTMR-2015-Day-1-IMG_9031-LBelcher-WEB-1.jpg\",\"datePublished\":\"2017-09-29T06:15:35+00:00\",\"dateModified\":\"2018-07-29T06:53:12+00:00\",\"breadcrumb\":{\"@id\":\"https:\\\/\\\/www.ultratourmonterosa.com\\\/feedback-from-runners-in-2017\\\/#breadcrumb\"},\"inLanguage\":\"it-IT\",\"potentialAction\":[{\"@type\":\"ReadAction\",\"target\":[\"https:\\\/\\\/www.ultratourmonterosa.com\\\/feedback-from-runners-in-2017\\\/\"]}]},{\"@type\":\"ImageObject\",\"inLanguage\":\"it-IT\",\"@id\":\"https:\\\/\\\/www.ultratourmonterosa.com\\\/feedback-from-runners-in-2017\\\/#primaryimage\",\"url\":\"https:\\\/\\\/www.ultratourmonterosa.com\\\/wp-content\\\/uploads\\\/2018\\\/07\\\/UTMR-2015-Day-1-IMG_9031-LBelcher-WEB-1.jpg\",\"contentUrl\":\"https:\\\/\\\/www.ultratourmonterosa.com\\\/wp-content\\\/uploads\\\/2018\\\/07\\\/UTMR-2015-Day-1-IMG_9031-LBelcher-WEB-1.jpg\",\"width\":1600,\"height\":1066,\"caption\":\"Italian ultra 100 km race checkpoint\"},{\"@type\":\"BreadcrumbList\",\"@id\":\"https:\\\/\\\/www.ultratourmonterosa.com\\\/feedback-from-runners-in-2017\\\/#breadcrumb\",\"itemListElement\":[{\"@type\":\"ListItem\",\"position\":1,\"name\":\"Home\",\"item\":\"https:\\\/\\\/www.ultratourmonterosa.com\\\/it\\\/\"},{\"@type\":\"ListItem\",\"position\":2,\"name\":\"Feedback from runners in 2017\"}]},{\"@type\":\"WebSite\",\"@id\":\"https:\\\/\\\/www.ultratourmonterosa.com\\\/#website\",\"url\":\"https:\\\/\\\/www.ultratourmonterosa.com\\\/\",\"name\":\"Ultra Tour Monte Rosa\",\"description\":\"3-6 September 2025\",\"publisher\":{\"@id\":\"https:\\\/\\\/www.ultratourmonterosa.com\\\/#organization\"},\"potentialAction\":[{\"@type\":\"SearchAction\",\"target\":{\"@type\":\"EntryPoint\",\"urlTemplate\":\"https:\\\/\\\/www.ultratourmonterosa.com\\\/?s={search_term_string}\"},\"query-input\":{\"@type\":\"PropertyValueSpecification\",\"valueRequired\":true,\"valueName\":\"search_term_string\"}}],\"inLanguage\":\"it-IT\"},{\"@type\":\"Organization\",\"@id\":\"https:\\\/\\\/www.ultratourmonterosa.com\\\/#organization\",\"name\":\"Ultra Tour Monte Rosa\",\"url\":\"https:\\\/\\\/www.ultratourmonterosa.com\\\/\",\"logo\":{\"@type\":\"ImageObject\",\"inLanguage\":\"it-IT\",\"@id\":\"https:\\\/\\\/www.ultratourmonterosa.com\\\/#\\\/schema\\\/logo\\\/image\\\/\",\"url\":\"https:\\\/\\\/www.ultratourmonterosa.com\\\/wp-content\\\/uploads\\\/2024\\\/09\\\/UTMR-logo-300px-1.png\",\"contentUrl\":\"https:\\\/\\\/www.ultratourmonterosa.com\\\/wp-content\\\/uploads\\\/2024\\\/09\\\/UTMR-logo-300px-1.png\",\"width\":300,\"height\":300,\"caption\":\"Ultra Tour Monte Rosa\"},\"image\":{\"@id\":\"https:\\\/\\\/www.ultratourmonterosa.com\\\/#\\\/schema\\\/logo\\\/image\\\/\"},\"sameAs\":[\"https:\\\/\\\/www.facebook.com\\\/UltraTourMonteRosa\\\/\",\"https:\\\/\\\/x.com\\\/UltraMonteRosa\"]},{\"@type\":\"Person\",\"@id\":\"https:\\\/\\\/www.ultratourmonterosa.com\\\/#\\\/schema\\\/person\\\/0e956cc597b5277039bcc6b448dea1ab\",\"name\":\"UTMR Admin\",\"image\":{\"@type\":\"ImageObject\",\"inLanguage\":\"it-IT\",\"@id\":\"https:\\\/\\\/secure.gravatar.com\\\/avatar\\\/7c8211024821aca17cf494b3b4004ffb438ada146e9060e60670e3eecab30d44?s=96&d=mm&r=g\",\"url\":\"https:\\\/\\\/secure.gravatar.com\\\/avatar\\\/7c8211024821aca17cf494b3b4004ffb438ada146e9060e60670e3eecab30d44?s=96&d=mm&r=g\",\"contentUrl\":\"https:\\\/\\\/secure.gravatar.com\\\/avatar\\\/7c8211024821aca17cf494b3b4004ffb438ada146e9060e60670e3eecab30d44?s=96&d=mm&r=g\",\"caption\":\"UTMR Admin\"},\"url\":\"https:\\\/\\\/www.ultratourmonterosa.com\\\/it\\\/author\\\/rpb\\\/\"}]}<\/script>\n<!-- \/ Yoast SEO plugin. -->","yoast_head_json":{"title":"Feedback from runners in 2017 - Ultra Tour Monte Rosa","robots":{"index":"index","follow":"follow","max-snippet":"max-snippet:-1","max-image-preview":"max-image-preview:large","max-video-preview":"max-video-preview:-1"},"canonical":"https:\/\/www.ultratourmonterosa.com\/feedback-from-runners-in-2017\/","og_locale":"it_IT","og_type":"article","og_title":"Feedback from runners in 2017 - Ultra Tour Monte Rosa","og_description":"While feedback is sometimes critical (and constructive) there is a lot of happy feedback from many race competitors. Here is a selection from 2017&#8230;. Basil Geoghegan &#8220;The UTMR was awesome. Putting together a race on this terrain is impressive. I loved it. I have never run a stage race before. Standing in an Alpine village [&hellip;]","og_url":"https:\/\/www.ultratourmonterosa.com\/feedback-from-runners-in-2017\/","og_site_name":"Ultra Tour Monte Rosa","article_publisher":"https:\/\/www.facebook.com\/UltraTourMonteRosa\/","article_published_time":"2017-09-29T06:15:35+00:00","article_modified_time":"2018-07-29T06:53:12+00:00","og_image":[{"width":1600,"height":1066,"url":"https:\/\/www.ultratourmonterosa.com\/wp-content\/uploads\/2018\/07\/UTMR-2015-Day-1-IMG_9031-LBelcher-WEB-1.jpg","type":"image\/jpeg"}],"author":"UTMR Admin","twitter_card":"summary_large_image","twitter_creator":"@UltraMonteRosa","twitter_site":"@UltraMonteRosa","twitter_misc":{"Scritto da":"UTMR Admin","Tempo di lettura stimato":"4 minuti"},"schema":{"@context":"https:\/\/schema.org","@graph":[{"@type":"Article","@id":"https:\/\/www.ultratourmonterosa.com\/feedback-from-runners-in-2017\/#article","isPartOf":{"@id":"https:\/\/www.ultratourmonterosa.com\/feedback-from-runners-in-2017\/"},"author":{"name":"UTMR Admin","@id":"https:\/\/www.ultratourmonterosa.com\/#\/schema\/person\/0e956cc597b5277039bcc6b448dea1ab"},"headline":"Feedback from runners in 2017","datePublished":"2017-09-29T06:15:35+00:00","dateModified":"2018-07-29T06:53:12+00:00","mainEntityOfPage":{"@id":"https:\/\/www.ultratourmonterosa.com\/feedback-from-runners-in-2017\/"},"wordCount":746,"commentCount":0,"publisher":{"@id":"https:\/\/www.ultratourmonterosa.com\/#organization"},"image":{"@id":"https:\/\/www.ultratourmonterosa.com\/feedback-from-runners-in-2017\/#primaryimage"},"thumbnailUrl":"https:\/\/www.ultratourmonterosa.com\/wp-content\/uploads\/2018\/07\/UTMR-2015-Day-1-IMG_9031-LBelcher-WEB-1.jpg","keywords":["bucketlist"],"articleSection":["100 km ultra","Blog"],"inLanguage":"it-IT","potentialAction":[{"@type":"CommentAction","name":"Comment","target":["https:\/\/www.ultratourmonterosa.com\/feedback-from-runners-in-2017\/#respond"]}]},{"@type":"WebPage","@id":"https:\/\/www.ultratourmonterosa.com\/feedback-from-runners-in-2017\/","url":"https:\/\/www.ultratourmonterosa.com\/feedback-from-runners-in-2017\/","name":"Feedback from runners in 2017 - Ultra Tour Monte Rosa","isPartOf":{"@id":"https:\/\/www.ultratourmonterosa.com\/#website"},"primaryImageOfPage":{"@id":"https:\/\/www.ultratourmonterosa.com\/feedback-from-runners-in-2017\/#primaryimage"},"image":{"@id":"https:\/\/www.ultratourmonterosa.com\/feedback-from-runners-in-2017\/#primaryimage"},"thumbnailUrl":"https:\/\/www.ultratourmonterosa.com\/wp-content\/uploads\/2018\/07\/UTMR-2015-Day-1-IMG_9031-LBelcher-WEB-1.jpg","datePublished":"2017-09-29T06:15:35+00:00","dateModified":"2018-07-29T06:53:12+00:00","breadcrumb":{"@id":"https:\/\/www.ultratourmonterosa.com\/feedback-from-runners-in-2017\/#breadcrumb"},"inLanguage":"it-IT","potentialAction":[{"@type":"ReadAction","target":["https:\/\/www.ultratourmonterosa.com\/feedback-from-runners-in-2017\/"]}]},{"@type":"ImageObject","inLanguage":"it-IT","@id":"https:\/\/www.ultratourmonterosa.com\/feedback-from-runners-in-2017\/#primaryimage","url":"https:\/\/www.ultratourmonterosa.com\/wp-content\/uploads\/2018\/07\/UTMR-2015-Day-1-IMG_9031-LBelcher-WEB-1.jpg","contentUrl":"https:\/\/www.ultratourmonterosa.com\/wp-content\/uploads\/2018\/07\/UTMR-2015-Day-1-IMG_9031-LBelcher-WEB-1.jpg","width":1600,"height":1066,"caption":"Italian ultra 100 km race checkpoint"},{"@type":"BreadcrumbList","@id":"https:\/\/www.ultratourmonterosa.com\/feedback-from-runners-in-2017\/#breadcrumb","itemListElement":[{"@type":"ListItem","position":1,"name":"Home","item":"https:\/\/www.ultratourmonterosa.com\/it\/"},{"@type":"ListItem","position":2,"name":"Feedback from runners in 2017"}]},{"@type":"WebSite","@id":"https:\/\/www.ultratourmonterosa.com\/#website","url":"https:\/\/www.ultratourmonterosa.com\/","name":"Ultra Tour Monte Rosa","description":"3-6 September 2025","publisher":{"@id":"https:\/\/www.ultratourmonterosa.com\/#organization"},"potentialAction":[{"@type":"SearchAction","target":{"@type":"EntryPoint","urlTemplate":"https:\/\/www.ultratourmonterosa.com\/?s={search_term_string}"},"query-input":{"@type":"PropertyValueSpecification","valueRequired":true,"valueName":"search_term_string"}}],"inLanguage":"it-IT"},{"@type":"Organization","@id":"https:\/\/www.ultratourmonterosa.com\/#organization","name":"Ultra Tour Monte Rosa","url":"https:\/\/www.ultratourmonterosa.com\/","logo":{"@type":"ImageObject","inLanguage":"it-IT","@id":"https:\/\/www.ultratourmonterosa.com\/#\/schema\/logo\/image\/","url":"https:\/\/www.ultratourmonterosa.com\/wp-content\/uploads\/2024\/09\/UTMR-logo-300px-1.png","contentUrl":"https:\/\/www.ultratourmonterosa.com\/wp-content\/uploads\/2024\/09\/UTMR-logo-300px-1.png","width":300,"height":300,"caption":"Ultra Tour Monte Rosa"},"image":{"@id":"https:\/\/www.ultratourmonterosa.com\/#\/schema\/logo\/image\/"},"sameAs":["https:\/\/www.facebook.com\/UltraTourMonteRosa\/","https:\/\/x.com\/UltraMonteRosa"]},{"@type":"Person","@id":"https:\/\/www.ultratourmonterosa.com\/#\/schema\/person\/0e956cc597b5277039bcc6b448dea1ab","name":"UTMR Admin","image":{"@type":"ImageObject","inLanguage":"it-IT","@id":"https:\/\/secure.gravatar.com\/avatar\/7c8211024821aca17cf494b3b4004ffb438ada146e9060e60670e3eecab30d44?s=96&d=mm&r=g","url":"https:\/\/secure.gravatar.com\/avatar\/7c8211024821aca17cf494b3b4004ffb438ada146e9060e60670e3eecab30d44?s=96&d=mm&r=g","contentUrl":"https:\/\/secure.gravatar.com\/avatar\/7c8211024821aca17cf494b3b4004ffb438ada146e9060e60670e3eecab30d44?s=96&d=mm&r=g","caption":"UTMR Admin"},"url":"https:\/\/www.ultratourmonterosa.com\/it\/author\/rpb\/"}]}},"jetpack_featured_media_url":"https:\/\/www.ultratourmonterosa.com\/wp-content\/uploads\/2018\/07\/UTMR-2015-Day-1-IMG_9031-LBelcher-WEB-1.jpg","jetpack_shortlink":"https:\/\/wp.me\/p4DSVg-8xM","jetpack_sharing_enabled":true,"_links":{"self":[{"href":"https:\/\/www.ultratourmonterosa.com\/it\/wp-json\/wp\/v2\/posts\/32846","targetHints":{"allow":["GET"]}}],"collection":[{"href":"https:\/\/www.ultratourmonterosa.com\/it\/wp-json\/wp\/v2\/posts"}],"about":[{"href":"https:\/\/www.ultratourmonterosa.com\/it\/wp-json\/wp\/v2\/types\/post"}],"author":[{"embeddable":true,"href":"https:\/\/www.ultratourmonterosa.com\/it\/wp-json\/wp\/v2\/users\/5"}],"replies":[{"embeddable":true,"href":"https:\/\/www.ultratourmonterosa.com\/it\/wp-json\/wp\/v2\/comments?post=32846"}],"version-history":[{"count":0,"href":"https:\/\/www.ultratourmonterosa.com\/it\/wp-json\/wp\/v2\/posts\/32846\/revisions"}],"wp:featuredmedia":[{"embeddable":true,"href":"https:\/\/www.ultratourmonterosa.com\/it\/wp-json\/wp\/v2\/media\/32847"}],"wp:attachment":[{"href":"https:\/\/www.ultratourmonterosa.com\/it\/wp-json\/wp\/v2\/media?parent=32846"}],"wp:term":[{"taxonomy":"category","embeddable":true,"href":"https:\/\/www.ultratourmonterosa.com\/it\/wp-json\/wp\/v2\/categories?post=32846"},{"taxonomy":"post_tag","embeddable":true,"href":"https:\/\/www.ultratourmonterosa.com\/it\/wp-json\/wp\/v2\/tags?post=32846"}],"curies":[{"name":"wp","href":"https:\/\/api.w.org\/{rel}","templated":true}]}}