{"id":40903,"date":"2020-02-24T16:48:10","date_gmt":"2020-02-24T11:03:10","guid":{"rendered":"https:\/\/www.ultratourmonterosa.com\/matthieu-girard-returns-for-the-2020-ultra-tour\/"},"modified":"2020-10-28T08:57:34","modified_gmt":"2020-10-28T03:12:34","slug":"matthieu-girard-returns-for-the-2020-ultra-tour","status":"publish","type":"post","link":"https:\/\/www.ultratourmonterosa.com\/it\/matthieu-girard-returns-for-the-2020-ultra-tour\/","title":{"rendered":"Matthieu Girard torna per l&#8217;Ultra Tour 2020"},"content":{"rendered":"\n<p><strong>Il nostro vincitore 2018 dell&#8217;Ultra Tour di 170 km, Matthieu Girard, torner\u00e0 per il 2020! Ecco cosa pensa di UTMR. Grazie Matthieu &amp; buona fortuna, ci vediamo a settembre!  <\/strong><\/p>\n\n<p>N.B Matthieu \u00e8 co-presidente <a href=\"http:\/\/www.trailvsb.com\/\" target=\"_blank\" rel=\"noopener noreferrer\">di Trail Verbier St-Bernard<\/a> una bella serie di gare all&#8217;inizio di luglio all&#8217;altra estremit\u00e0 del Vallese. Vale la pena provare!<\/p>\n\n<p>&#8212;-<\/p>\n\n<p>Non vedo l&#8217;ora di tornare su quei sentieri. Ho scoperto il sentiero 2 anni fa quando l&#8217;ho fatto in 3 giorni per prepararmi alla gara e sono rimasto stupito dalla durezza e dalla natura selvaggia di esso. Avevo appena finito Hardrock alcune settimane prima e ho pensato che sarebbe stato pi\u00f9 facile, ma si \u00e8 rivelato essere almeno altrettanto impegnativo. Sono rimasto sorpreso da quelle enormi salite su alcuni passaggi e da quanto fossero selvaggi. Naturalmente l&#8217;altitudine \u00e8 meno di un problema in UTMR, ma i sentieri sono pi\u00f9 tecnici e si dispone di sezioni molto lunghe dove si \u00e8 da soli che lo rende una vera avventura. Ma ne vale davvero la pena e ho a lungo di essere l\u00ec di nuovo quest&#8217;anno. Ha molti punti in comune con la gara che organizzo, il Trail Verbier St Bernard, a partire da un percorso veramente alpino e meraviglioso. E &#8216;stato progettato anche per i corridori e da qualcuno che conosceva davvero il posto e voleva condividere con gli altri. Possiamo sentirlo quando si corre ed \u00e8 il punto pi\u00f9 importante per me.<\/p>\n\n<p>Speriamo solo di poter vivere una gara simile nel 2020 (ora 2021!) che nel 2018, meno del sonnambulismo lungo il lago Mattmark all&#8217;alba&#8230;<\/p>\n\n<div class=\"wp-block-image single_photoswipe is-style-default\"><figure class=\"aligncenter\"><a class=\"single_photoswipe\" href=\"https:\/\/www.ultratourmonterosa.com\/wp-content\/uploads\/2020\/02\/41202462_2267903366773538_8669224932439228416_o.jpg\"><img loading=\"lazy\" decoding=\"async\" width=\"1024\" height=\"683\" src=\"https:\/\/www.ultratourmonterosa.com\/wp-content\/uploads\/2020\/02\/41202462_2267903366773538_8669224932439228416_o-1024x683.jpg\" alt=\"\" class=\"wp-image-36031\" srcset=\"https:\/\/www.ultratourmonterosa.com\/wp-content\/uploads\/2020\/02\/41202462_2267903366773538_8669224932439228416_o-1024x683.jpg 1024w, https:\/\/www.ultratourmonterosa.com\/wp-content\/uploads\/2020\/02\/41202462_2267903366773538_8669224932439228416_o-300x200.jpg 300w, https:\/\/www.ultratourmonterosa.com\/wp-content\/uploads\/2020\/02\/41202462_2267903366773538_8669224932439228416_o-768x512.jpg 768w, https:\/\/www.ultratourmonterosa.com\/wp-content\/uploads\/2020\/02\/41202462_2267903366773538_8669224932439228416_o-100x67.jpg 100w, https:\/\/www.ultratourmonterosa.com\/wp-content\/uploads\/2020\/02\/41202462_2267903366773538_8669224932439228416_o-70x47.jpg 70w, https:\/\/www.ultratourmonterosa.com\/wp-content\/uploads\/2020\/02\/41202462_2267903366773538_8669224932439228416_o-105x70.jpg 105w, https:\/\/www.ultratourmonterosa.com\/wp-content\/uploads\/2020\/02\/41202462_2267903366773538_8669224932439228416_o-50x33.jpg 50w, https:\/\/www.ultratourmonterosa.com\/wp-content\/uploads\/2020\/02\/41202462_2267903366773538_8669224932439228416_o-75x50.jpg 75w, https:\/\/www.ultratourmonterosa.com\/wp-content\/uploads\/2020\/02\/41202462_2267903366773538_8669224932439228416_o-200x133.jpg 200w, https:\/\/www.ultratourmonterosa.com\/wp-content\/uploads\/2020\/02\/41202462_2267903366773538_8669224932439228416_o.jpg 1500w\" sizes=\"auto, (max-width: 1024px) 100vw, 1024px\" \/><\/a><figcaption>Matthieu sul Theodulgletscher nel 2018!<\/figcaption><\/figure><\/div>\n","protected":false},"excerpt":{"rendered":"<p>Il nostro vincitore 2018 dell&#8217;Ultra Tour di 170 km, Matthieu Girard, torner\u00e0 per il 2020! Ecco cosa pensa di UTMR. Grazie Matthieu &amp; buona fortuna, ci vediamo a settembre! N.B Matthieu \u00e8 co-presidente di Trail Verbier St-Bernard una bella serie di gare all&#8217;inizio di luglio all&#8217;altra estremit\u00e0 del Vallese. Vale la pena provare! &#8212;- Non [&hellip;]<\/p>\n","protected":false},"author":2,"featured_media":0,"comment_status":"open","ping_status":"open","sticky":false,"template":"","format":"standard","meta":{"_acf_changed":false,"jetpack_post_was_ever_published":false,"_jetpack_newsletter_access":"","_jetpack_dont_email_post_to_subs":false,"_jetpack_newsletter_tier_id":0,"_jetpack_memberships_contains_paywalled_content":false,"_jetpack_memberships_contains_paid_content":false,"footnotes":"","_wp_rev_ctl_limit":""},"categories":[63],"tags":[],"class_list":["post-40903","post","type-post","status-publish","format-standard","hentry","category-blog-it"],"acf":[],"yoast_head":"<!-- This site is optimized with the Yoast SEO plugin v27.5 - https:\/\/yoast.com\/product\/yoast-seo-wordpress\/ -->\n<title>Matthieu Girard torna per l&#039;Ultra Tour 2020 - Ultra Tour Monte Rosa<\/title>\n<meta name=\"robots\" content=\"index, follow, max-snippet:-1, max-image-preview:large, max-video-preview:-1\" \/>\n<link rel=\"canonical\" href=\"https:\/\/www.ultratourmonterosa.com\/it\/matthieu-girard-returns-for-the-2020-ultra-tour\/\" \/>\n<meta property=\"og:locale\" content=\"it_IT\" \/>\n<meta property=\"og:type\" content=\"article\" \/>\n<meta property=\"og:title\" content=\"Matthieu Girard torna per l&#039;Ultra Tour 2020 - Ultra Tour Monte Rosa\" \/>\n<meta property=\"og:description\" content=\"Il nostro vincitore 2018 dell&#8217;Ultra Tour di 170 km, Matthieu Girard, torner\u00e0 per il 2020! Ecco cosa pensa di UTMR. Grazie Matthieu &amp; buona fortuna, ci vediamo a settembre! N.B Matthieu \u00e8 co-presidente di Trail Verbier St-Bernard una bella serie di gare all&#8217;inizio di luglio all&#8217;altra estremit\u00e0 del Vallese. Vale la pena provare! &#8212;- Non [&hellip;]\" \/>\n<meta property=\"og:url\" content=\"https:\/\/www.ultratourmonterosa.com\/it\/matthieu-girard-returns-for-the-2020-ultra-tour\/\" \/>\n<meta property=\"og:site_name\" content=\"Ultra Tour Monte Rosa\" \/>\n<meta property=\"article:publisher\" content=\"https:\/\/www.facebook.com\/UltraTourMonteRosa\/\" \/>\n<meta property=\"article:published_time\" content=\"2020-02-24T11:03:10+00:00\" \/>\n<meta property=\"article:modified_time\" content=\"2020-10-28T03:12:34+00:00\" \/>\n<meta property=\"og:image\" content=\"https:\/\/www.ultratourmonterosa.com\/wp-content\/uploads\/2020\/02\/41202462_2267903366773538_8669224932439228416_o-1024x683.jpg\" \/>\n<meta name=\"author\" content=\"Lizzy Hawker\" \/>\n<meta name=\"twitter:card\" content=\"summary_large_image\" \/>\n<meta name=\"twitter:creator\" content=\"@UltraMonteRosa\" \/>\n<meta name=\"twitter:site\" content=\"@UltraMonteRosa\" \/>\n<meta name=\"twitter:label1\" content=\"Scritto da\" \/>\n\t<meta name=\"twitter:data1\" content=\"Lizzy Hawker\" \/>\n\t<meta name=\"twitter:label2\" content=\"Tempo di lettura stimato\" \/>\n\t<meta name=\"twitter:data2\" content=\"1 minuto\" \/>\n<script type=\"application\/ld+json\" class=\"yoast-schema-graph\">{\"@context\":\"https:\\\/\\\/schema.org\",\"@graph\":[{\"@type\":\"Article\",\"@id\":\"https:\\\/\\\/www.ultratourmonterosa.com\\\/it\\\/matthieu-girard-returns-for-the-2020-ultra-tour\\\/#article\",\"isPartOf\":{\"@id\":\"https:\\\/\\\/www.ultratourmonterosa.com\\\/it\\\/matthieu-girard-returns-for-the-2020-ultra-tour\\\/\"},\"author\":{\"name\":\"Lizzy Hawker\",\"@id\":\"https:\\\/\\\/www.ultratourmonterosa.com\\\/#\\\/schema\\\/person\\\/72f7296afeceebba242f8f36428a79ac\"},\"headline\":\"Matthieu Girard torna per l&#8217;Ultra Tour 2020\",\"datePublished\":\"2020-02-24T11:03:10+00:00\",\"dateModified\":\"2020-10-28T03:12:34+00:00\",\"mainEntityOfPage\":{\"@id\":\"https:\\\/\\\/www.ultratourmonterosa.com\\\/it\\\/matthieu-girard-returns-for-the-2020-ultra-tour\\\/\"},\"wordCount\":266,\"commentCount\":0,\"publisher\":{\"@id\":\"https:\\\/\\\/www.ultratourmonterosa.com\\\/#organization\"},\"image\":{\"@id\":\"https:\\\/\\\/www.ultratourmonterosa.com\\\/it\\\/matthieu-girard-returns-for-the-2020-ultra-tour\\\/#primaryimage\"},\"thumbnailUrl\":\"https:\\\/\\\/www.ultratourmonterosa.com\\\/wp-content\\\/uploads\\\/2020\\\/02\\\/41202462_2267903366773538_8669224932439228416_o-1024x683.jpg\",\"articleSection\":[\"Blog\"],\"inLanguage\":\"it-IT\",\"potentialAction\":[{\"@type\":\"CommentAction\",\"name\":\"Comment\",\"target\":[\"https:\\\/\\\/www.ultratourmonterosa.com\\\/it\\\/matthieu-girard-returns-for-the-2020-ultra-tour\\\/#respond\"]}]},{\"@type\":\"WebPage\",\"@id\":\"https:\\\/\\\/www.ultratourmonterosa.com\\\/it\\\/matthieu-girard-returns-for-the-2020-ultra-tour\\\/\",\"url\":\"https:\\\/\\\/www.ultratourmonterosa.com\\\/it\\\/matthieu-girard-returns-for-the-2020-ultra-tour\\\/\",\"name\":\"Matthieu Girard torna per l'Ultra Tour 2020 - Ultra Tour Monte Rosa\",\"isPartOf\":{\"@id\":\"https:\\\/\\\/www.ultratourmonterosa.com\\\/#website\"},\"primaryImageOfPage\":{\"@id\":\"https:\\\/\\\/www.ultratourmonterosa.com\\\/it\\\/matthieu-girard-returns-for-the-2020-ultra-tour\\\/#primaryimage\"},\"image\":{\"@id\":\"https:\\\/\\\/www.ultratourmonterosa.com\\\/it\\\/matthieu-girard-returns-for-the-2020-ultra-tour\\\/#primaryimage\"},\"thumbnailUrl\":\"https:\\\/\\\/www.ultratourmonterosa.com\\\/wp-content\\\/uploads\\\/2020\\\/02\\\/41202462_2267903366773538_8669224932439228416_o-1024x683.jpg\",\"datePublished\":\"2020-02-24T11:03:10+00:00\",\"dateModified\":\"2020-10-28T03:12:34+00:00\",\"breadcrumb\":{\"@id\":\"https:\\\/\\\/www.ultratourmonterosa.com\\\/it\\\/matthieu-girard-returns-for-the-2020-ultra-tour\\\/#breadcrumb\"},\"inLanguage\":\"it-IT\",\"potentialAction\":[{\"@type\":\"ReadAction\",\"target\":[\"https:\\\/\\\/www.ultratourmonterosa.com\\\/it\\\/matthieu-girard-returns-for-the-2020-ultra-tour\\\/\"]}]},{\"@type\":\"ImageObject\",\"inLanguage\":\"it-IT\",\"@id\":\"https:\\\/\\\/www.ultratourmonterosa.com\\\/it\\\/matthieu-girard-returns-for-the-2020-ultra-tour\\\/#primaryimage\",\"url\":\"https:\\\/\\\/www.ultratourmonterosa.com\\\/wp-content\\\/uploads\\\/2020\\\/02\\\/41202462_2267903366773538_8669224932439228416_o-1024x683.jpg\",\"contentUrl\":\"https:\\\/\\\/www.ultratourmonterosa.com\\\/wp-content\\\/uploads\\\/2020\\\/02\\\/41202462_2267903366773538_8669224932439228416_o-1024x683.jpg\"},{\"@type\":\"BreadcrumbList\",\"@id\":\"https:\\\/\\\/www.ultratourmonterosa.com\\\/it\\\/matthieu-girard-returns-for-the-2020-ultra-tour\\\/#breadcrumb\",\"itemListElement\":[{\"@type\":\"ListItem\",\"position\":1,\"name\":\"Home\",\"item\":\"https:\\\/\\\/www.ultratourmonterosa.com\\\/it\\\/\"},{\"@type\":\"ListItem\",\"position\":2,\"name\":\"Matthieu Girard torna per l&#8217;Ultra Tour 2020\"}]},{\"@type\":\"WebSite\",\"@id\":\"https:\\\/\\\/www.ultratourmonterosa.com\\\/#website\",\"url\":\"https:\\\/\\\/www.ultratourmonterosa.com\\\/\",\"name\":\"Ultra Tour Monte Rosa\",\"description\":\"3-6 September 2025\",\"publisher\":{\"@id\":\"https:\\\/\\\/www.ultratourmonterosa.com\\\/#organization\"},\"potentialAction\":[{\"@type\":\"SearchAction\",\"target\":{\"@type\":\"EntryPoint\",\"urlTemplate\":\"https:\\\/\\\/www.ultratourmonterosa.com\\\/?s={search_term_string}\"},\"query-input\":{\"@type\":\"PropertyValueSpecification\",\"valueRequired\":true,\"valueName\":\"search_term_string\"}}],\"inLanguage\":\"it-IT\"},{\"@type\":\"Organization\",\"@id\":\"https:\\\/\\\/www.ultratourmonterosa.com\\\/#organization\",\"name\":\"Ultra Tour Monte Rosa\",\"url\":\"https:\\\/\\\/www.ultratourmonterosa.com\\\/\",\"logo\":{\"@type\":\"ImageObject\",\"inLanguage\":\"it-IT\",\"@id\":\"https:\\\/\\\/www.ultratourmonterosa.com\\\/#\\\/schema\\\/logo\\\/image\\\/\",\"url\":\"https:\\\/\\\/www.ultratourmonterosa.com\\\/wp-content\\\/uploads\\\/2024\\\/09\\\/UTMR-logo-300px-1.png\",\"contentUrl\":\"https:\\\/\\\/www.ultratourmonterosa.com\\\/wp-content\\\/uploads\\\/2024\\\/09\\\/UTMR-logo-300px-1.png\",\"width\":300,\"height\":300,\"caption\":\"Ultra Tour Monte Rosa\"},\"image\":{\"@id\":\"https:\\\/\\\/www.ultratourmonterosa.com\\\/#\\\/schema\\\/logo\\\/image\\\/\"},\"sameAs\":[\"https:\\\/\\\/www.facebook.com\\\/UltraTourMonteRosa\\\/\",\"https:\\\/\\\/x.com\\\/UltraMonteRosa\"]},{\"@type\":\"Person\",\"@id\":\"https:\\\/\\\/www.ultratourmonterosa.com\\\/#\\\/schema\\\/person\\\/72f7296afeceebba242f8f36428a79ac\",\"name\":\"Lizzy Hawker\",\"image\":{\"@type\":\"ImageObject\",\"inLanguage\":\"it-IT\",\"@id\":\"https:\\\/\\\/secure.gravatar.com\\\/avatar\\\/49119c02999c60354d638c5c1aada8a77102334e3410f021d65889dcbdd4b281?s=96&d=mm&r=g\",\"url\":\"https:\\\/\\\/secure.gravatar.com\\\/avatar\\\/49119c02999c60354d638c5c1aada8a77102334e3410f021d65889dcbdd4b281?s=96&d=mm&r=g\",\"contentUrl\":\"https:\\\/\\\/secure.gravatar.com\\\/avatar\\\/49119c02999c60354d638c5c1aada8a77102334e3410f021d65889dcbdd4b281?s=96&d=mm&r=g\",\"caption\":\"Lizzy Hawker\"},\"sameAs\":[\"http:\\\/\\\/www.ultratourmonterosa.com\\\/\"],\"url\":\"https:\\\/\\\/www.ultratourmonterosa.com\\\/it\\\/author\\\/lizzy\\\/\"}]}<\/script>\n<!-- \/ Yoast SEO plugin. -->","yoast_head_json":{"title":"Matthieu Girard torna per l'Ultra Tour 2020 - Ultra Tour Monte Rosa","robots":{"index":"index","follow":"follow","max-snippet":"max-snippet:-1","max-image-preview":"max-image-preview:large","max-video-preview":"max-video-preview:-1"},"canonical":"https:\/\/www.ultratourmonterosa.com\/it\/matthieu-girard-returns-for-the-2020-ultra-tour\/","og_locale":"it_IT","og_type":"article","og_title":"Matthieu Girard torna per l'Ultra Tour 2020 - Ultra Tour Monte Rosa","og_description":"Il nostro vincitore 2018 dell&#8217;Ultra Tour di 170 km, Matthieu Girard, torner\u00e0 per il 2020! Ecco cosa pensa di UTMR. Grazie Matthieu &amp; buona fortuna, ci vediamo a settembre! N.B Matthieu \u00e8 co-presidente di Trail Verbier St-Bernard una bella serie di gare all&#8217;inizio di luglio all&#8217;altra estremit\u00e0 del Vallese. Vale la pena provare! &#8212;- Non [&hellip;]","og_url":"https:\/\/www.ultratourmonterosa.com\/it\/matthieu-girard-returns-for-the-2020-ultra-tour\/","og_site_name":"Ultra Tour Monte Rosa","article_publisher":"https:\/\/www.facebook.com\/UltraTourMonteRosa\/","article_published_time":"2020-02-24T11:03:10+00:00","article_modified_time":"2020-10-28T03:12:34+00:00","og_image":[{"url":"https:\/\/www.ultratourmonterosa.com\/wp-content\/uploads\/2020\/02\/41202462_2267903366773538_8669224932439228416_o-1024x683.jpg","type":"","width":"","height":""}],"author":"Lizzy Hawker","twitter_card":"summary_large_image","twitter_creator":"@UltraMonteRosa","twitter_site":"@UltraMonteRosa","twitter_misc":{"Scritto da":"Lizzy Hawker","Tempo di lettura stimato":"1 minuto"},"schema":{"@context":"https:\/\/schema.org","@graph":[{"@type":"Article","@id":"https:\/\/www.ultratourmonterosa.com\/it\/matthieu-girard-returns-for-the-2020-ultra-tour\/#article","isPartOf":{"@id":"https:\/\/www.ultratourmonterosa.com\/it\/matthieu-girard-returns-for-the-2020-ultra-tour\/"},"author":{"name":"Lizzy Hawker","@id":"https:\/\/www.ultratourmonterosa.com\/#\/schema\/person\/72f7296afeceebba242f8f36428a79ac"},"headline":"Matthieu Girard torna per l&#8217;Ultra Tour 2020","datePublished":"2020-02-24T11:03:10+00:00","dateModified":"2020-10-28T03:12:34+00:00","mainEntityOfPage":{"@id":"https:\/\/www.ultratourmonterosa.com\/it\/matthieu-girard-returns-for-the-2020-ultra-tour\/"},"wordCount":266,"commentCount":0,"publisher":{"@id":"https:\/\/www.ultratourmonterosa.com\/#organization"},"image":{"@id":"https:\/\/www.ultratourmonterosa.com\/it\/matthieu-girard-returns-for-the-2020-ultra-tour\/#primaryimage"},"thumbnailUrl":"https:\/\/www.ultratourmonterosa.com\/wp-content\/uploads\/2020\/02\/41202462_2267903366773538_8669224932439228416_o-1024x683.jpg","articleSection":["Blog"],"inLanguage":"it-IT","potentialAction":[{"@type":"CommentAction","name":"Comment","target":["https:\/\/www.ultratourmonterosa.com\/it\/matthieu-girard-returns-for-the-2020-ultra-tour\/#respond"]}]},{"@type":"WebPage","@id":"https:\/\/www.ultratourmonterosa.com\/it\/matthieu-girard-returns-for-the-2020-ultra-tour\/","url":"https:\/\/www.ultratourmonterosa.com\/it\/matthieu-girard-returns-for-the-2020-ultra-tour\/","name":"Matthieu Girard torna per l'Ultra Tour 2020 - Ultra Tour Monte Rosa","isPartOf":{"@id":"https:\/\/www.ultratourmonterosa.com\/#website"},"primaryImageOfPage":{"@id":"https:\/\/www.ultratourmonterosa.com\/it\/matthieu-girard-returns-for-the-2020-ultra-tour\/#primaryimage"},"image":{"@id":"https:\/\/www.ultratourmonterosa.com\/it\/matthieu-girard-returns-for-the-2020-ultra-tour\/#primaryimage"},"thumbnailUrl":"https:\/\/www.ultratourmonterosa.com\/wp-content\/uploads\/2020\/02\/41202462_2267903366773538_8669224932439228416_o-1024x683.jpg","datePublished":"2020-02-24T11:03:10+00:00","dateModified":"2020-10-28T03:12:34+00:00","breadcrumb":{"@id":"https:\/\/www.ultratourmonterosa.com\/it\/matthieu-girard-returns-for-the-2020-ultra-tour\/#breadcrumb"},"inLanguage":"it-IT","potentialAction":[{"@type":"ReadAction","target":["https:\/\/www.ultratourmonterosa.com\/it\/matthieu-girard-returns-for-the-2020-ultra-tour\/"]}]},{"@type":"ImageObject","inLanguage":"it-IT","@id":"https:\/\/www.ultratourmonterosa.com\/it\/matthieu-girard-returns-for-the-2020-ultra-tour\/#primaryimage","url":"https:\/\/www.ultratourmonterosa.com\/wp-content\/uploads\/2020\/02\/41202462_2267903366773538_8669224932439228416_o-1024x683.jpg","contentUrl":"https:\/\/www.ultratourmonterosa.com\/wp-content\/uploads\/2020\/02\/41202462_2267903366773538_8669224932439228416_o-1024x683.jpg"},{"@type":"BreadcrumbList","@id":"https:\/\/www.ultratourmonterosa.com\/it\/matthieu-girard-returns-for-the-2020-ultra-tour\/#breadcrumb","itemListElement":[{"@type":"ListItem","position":1,"name":"Home","item":"https:\/\/www.ultratourmonterosa.com\/it\/"},{"@type":"ListItem","position":2,"name":"Matthieu Girard torna per l&#8217;Ultra Tour 2020"}]},{"@type":"WebSite","@id":"https:\/\/www.ultratourmonterosa.com\/#website","url":"https:\/\/www.ultratourmonterosa.com\/","name":"Ultra Tour Monte Rosa","description":"3-6 September 2025","publisher":{"@id":"https:\/\/www.ultratourmonterosa.com\/#organization"},"potentialAction":[{"@type":"SearchAction","target":{"@type":"EntryPoint","urlTemplate":"https:\/\/www.ultratourmonterosa.com\/?s={search_term_string}"},"query-input":{"@type":"PropertyValueSpecification","valueRequired":true,"valueName":"search_term_string"}}],"inLanguage":"it-IT"},{"@type":"Organization","@id":"https:\/\/www.ultratourmonterosa.com\/#organization","name":"Ultra Tour Monte Rosa","url":"https:\/\/www.ultratourmonterosa.com\/","logo":{"@type":"ImageObject","inLanguage":"it-IT","@id":"https:\/\/www.ultratourmonterosa.com\/#\/schema\/logo\/image\/","url":"https:\/\/www.ultratourmonterosa.com\/wp-content\/uploads\/2024\/09\/UTMR-logo-300px-1.png","contentUrl":"https:\/\/www.ultratourmonterosa.com\/wp-content\/uploads\/2024\/09\/UTMR-logo-300px-1.png","width":300,"height":300,"caption":"Ultra Tour Monte Rosa"},"image":{"@id":"https:\/\/www.ultratourmonterosa.com\/#\/schema\/logo\/image\/"},"sameAs":["https:\/\/www.facebook.com\/UltraTourMonteRosa\/","https:\/\/x.com\/UltraMonteRosa"]},{"@type":"Person","@id":"https:\/\/www.ultratourmonterosa.com\/#\/schema\/person\/72f7296afeceebba242f8f36428a79ac","name":"Lizzy Hawker","image":{"@type":"ImageObject","inLanguage":"it-IT","@id":"https:\/\/secure.gravatar.com\/avatar\/49119c02999c60354d638c5c1aada8a77102334e3410f021d65889dcbdd4b281?s=96&d=mm&r=g","url":"https:\/\/secure.gravatar.com\/avatar\/49119c02999c60354d638c5c1aada8a77102334e3410f021d65889dcbdd4b281?s=96&d=mm&r=g","contentUrl":"https:\/\/secure.gravatar.com\/avatar\/49119c02999c60354d638c5c1aada8a77102334e3410f021d65889dcbdd4b281?s=96&d=mm&r=g","caption":"Lizzy Hawker"},"sameAs":["http:\/\/www.ultratourmonterosa.com\/"],"url":"https:\/\/www.ultratourmonterosa.com\/it\/author\/lizzy\/"}]}},"jetpack_featured_media_url":"","jetpack_shortlink":"https:\/\/wp.me\/p4DSVg-aDJ","jetpack_sharing_enabled":true,"_links":{"self":[{"href":"https:\/\/www.ultratourmonterosa.com\/it\/wp-json\/wp\/v2\/posts\/40903","targetHints":{"allow":["GET"]}}],"collection":[{"href":"https:\/\/www.ultratourmonterosa.com\/it\/wp-json\/wp\/v2\/posts"}],"about":[{"href":"https:\/\/www.ultratourmonterosa.com\/it\/wp-json\/wp\/v2\/types\/post"}],"author":[{"embeddable":true,"href":"https:\/\/www.ultratourmonterosa.com\/it\/wp-json\/wp\/v2\/users\/2"}],"replies":[{"embeddable":true,"href":"https:\/\/www.ultratourmonterosa.com\/it\/wp-json\/wp\/v2\/comments?post=40903"}],"version-history":[{"count":1,"href":"https:\/\/www.ultratourmonterosa.com\/it\/wp-json\/wp\/v2\/posts\/40903\/revisions"}],"predecessor-version":[{"id":40904,"href":"https:\/\/www.ultratourmonterosa.com\/it\/wp-json\/wp\/v2\/posts\/40903\/revisions\/40904"}],"wp:attachment":[{"href":"https:\/\/www.ultratourmonterosa.com\/it\/wp-json\/wp\/v2\/media?parent=40903"}],"wp:term":[{"taxonomy":"category","embeddable":true,"href":"https:\/\/www.ultratourmonterosa.com\/it\/wp-json\/wp\/v2\/categories?post=40903"},{"taxonomy":"post_tag","embeddable":true,"href":"https:\/\/www.ultratourmonterosa.com\/it\/wp-json\/wp\/v2\/tags?post=40903"}],"curies":[{"name":"wp","href":"https:\/\/api.w.org\/{rel}","templated":true}]}}