{"id":46174,"date":"2021-02-23T00:42:29","date_gmt":"2021-02-22T18:57:29","guid":{"rendered":"https:\/\/www.ultratourmonterosa.com\/?p=46174"},"modified":"2021-02-23T00:42:31","modified_gmt":"2021-02-22T18:57:31","slug":"the-slovak-ultra-trail-team-again-joins-for-the-170-km-ultra-trail","status":"publish","type":"post","link":"https:\/\/www.ultratourmonterosa.com\/it\/the-slovak-ultra-trail-team-again-joins-for-the-170-km-ultra-trail\/","title":{"rendered":"The Slovak Ultra Trail team again joins for the 170 km Ultra Trail"},"content":{"rendered":"\n<p><strong><span class=\"has-inline-color has-utmr-blue-color\">We were set to welcome elite runner, Mari\u00e1n Priadka, from the Slovak Ultra Trail Team to the 2020 edition of the 170&nbsp;km Ultra Tour! We&#8217;re really happy that he&#8217;ll try again for 2021. We asked him some questions to get to know a little more about him&#8230;. <\/span><\/strong><\/p>\n\n\n\n<figure class=\"wp-block-image size-large\"><img loading=\"lazy\" decoding=\"async\" width=\"1024\" height=\"683\" src=\"https:\/\/www.ultratourmonterosa.com\/wp-content\/uploads\/2021\/02\/fit-styl-5-1024x683.jpg\" alt=\"\" class=\"wp-image-46190\" srcset=\"https:\/\/www.ultratourmonterosa.com\/wp-content\/uploads\/2021\/02\/fit-styl-5-1024x683.jpg 1024w, https:\/\/www.ultratourmonterosa.com\/wp-content\/uploads\/2021\/02\/fit-styl-5-300x200.jpg 300w, https:\/\/www.ultratourmonterosa.com\/wp-content\/uploads\/2021\/02\/fit-styl-5-768x512.jpg 768w, https:\/\/www.ultratourmonterosa.com\/wp-content\/uploads\/2021\/02\/fit-styl-5-1536x1024.jpg 1536w, https:\/\/www.ultratourmonterosa.com\/wp-content\/uploads\/2021\/02\/fit-styl-5-100x67.jpg 100w, https:\/\/www.ultratourmonterosa.com\/wp-content\/uploads\/2021\/02\/fit-styl-5-200x133.jpg 200w, https:\/\/www.ultratourmonterosa.com\/wp-content\/uploads\/2021\/02\/fit-styl-5-105x70.jpg 105w, https:\/\/www.ultratourmonterosa.com\/wp-content\/uploads\/2021\/02\/fit-styl-5-75x50.jpg 75w, https:\/\/www.ultratourmonterosa.com\/wp-content\/uploads\/2021\/02\/fit-styl-5.jpg 1920w\" sizes=\"auto, (max-width: 1024px) 100vw, 1024px\" \/><\/figure>\n\n\n\n<p><strong><span class=\"has-inline-color has-utmr-blue-color\">Q. Can you remember how you first heard of UTMR, or what attracted you to the UTMR challenge?<\/span><\/strong> The first information I got about the UTMR race was from my friends from the Slovak trail runners community. After that I visited the race website and especially watched the <a href=\"https:\/\/www.youtube.com\/channel\/UCOyMpdkc7BvmwBGaH3QeEbw\" target=\"_blank\" rel=\"noreferrer noopener\">Youtube<\/a> and <a href=\"https:\/\/www.facebook.com\/UltraTourMonteRosa\/videos\/?ref=page_internal\" target=\"_blank\" rel=\"noreferrer noopener\">Facebook videos of the UTMR<\/a>, which are really attractive. That&#8217;s the race, I would like to visit. \ud83d\ude42 <em>O preteku UTMR som sa dozvedel od kamar\u00e1tov z be\u017eeckej komunity. N\u00e1sledne som si pozrel vide\u00e1&nbsp;na youtube a facebooku.<\/em><\/p>\n\n\n\n<p><br><strong><span class=\"has-inline-color has-utmr-blue-color\">Q. What aspect of the race (or parts of the course) are you looking forward to<\/span><\/strong>? Until now I was in Switzerland only when travelling by car to Italy or France for ultra races back in 2018. Already at that time, sitting in the van, I thought about running in the mountains of Switzerland one day in the future. Now I am looking forward to visit those mountains and to see the whole UTMR course. <em>Cez \u0160vaj\u010diarsko som zatia\u013e len prech\u00e1dzal autom na preteky do Talianska.U\u017e vtedy sa zrodila my\u0161lienka,\u017ee raz by som si tam chcel \u00eds\u0165 zabeha\u0165.Te\u0161\u00edm sa na cel\u00fa tra\u0165.<\/em><\/p>\n\n\n\n<p><strong><span class=\"has-inline-color has-utmr-blue-color\">Q. Will you be training this year with UTMR specifically in mind or just keeping in form through racing?<\/span><\/strong> When I&#8217;m planning a race, I&#8217;m also planning to get prepared for it as well as possible. That means full focus, physically and mentally. For UTMR I will be collecting more elevation for sure, so my legs will be ready to face the challenging ascents.&nbsp; <em>Pl\u00e1nujem sa postupne pripravi\u0165 na ka\u017ed\u00fd z\u00e1vod najlep\u0161ie ako viem.Na UTMRza\u010dnem zbiera\u0165 viac v\u00fd\u0161kov\u00fdch metrov,aby boli nohy pripraven\u00e9 na nadmern\u00fa z\u00e1\u0165a\u017e.<\/em><\/p>\n\n\n\n<p><strong><span class=\"has-inline-color has-utmr-blue-color\">Q. Does Pizza work for you at checkpoints? What do you rely on to keep you going?<\/span><\/strong> Maybe not pizza during the&nbsp;course at&nbsp;a checkpoint. Never tried. \ud83d\ude42 I am mostly running on fruits and other vegan food plus energy bars and gels. But pizza at the finish, sounds good :-). <em>Tentokr\u00e1t pravdepodobne pobe\u017e\u00edm na vlastn\u00fa p\u00e4s\u0165.Uvid\u00edme ako to bude prebieha\u0165.Strategick\u00fd presun od 1 kontr\u00f3lneho&nbsp;s\u0165anovi\u0161ta&nbsp;k druh\u00e9mu.Ka\u017ed\u00fdm krokom bli\u017e\u0161ie k cie\u013eu.<\/em><\/p>\n\n\n\n<p><span class=\"has-inline-color has-utmr-blue-color\"><strong>Q. Do you have any secret tips to share with other runners that you&#8217;ve learned over the years, which increase your chance of finishing?<\/strong><\/span> I&#8217;m dreaming about the race and imagine how I will be running on that course. I want to go step by step, from one checkpoint to other. Not to think about the whole route, but about the smaller pieces. The course parameters are a big challenge. <em>Sn\u00edvam o tom preteku a predstavujem si ako to asi pobe\u017e\u00edm.Parametre hovoria za v\u0161etko.Treba tomu prisp\u00f4sobi\u0165 aj tr\u00e9ningov\u00fa pr\u00edpravu.<\/em><\/p>\n\n\n\n<p><strong><span class=\"has-inline-color has-utmr-blue-color\">Q. Do you talk to yourself a lot when the going gets tough? What do you find helps keep you going when it&#8217;s feeling very tough?<\/span><\/strong> Well this varies from race to race. As first I&#8217;m trying to evaluate how tough and how serious the situation is. If it&#8217;s really tough, I go through how I could get out of the situation. I try to calm down and breathe, regain my energy, slow down the pace and continue my race. <em>Je to r\u00f4zne. V prvom rade treba vyhodnoti\u0165 v\u00e1\u017enos\u0165 situ\u00e1cie.Ako sa \u010d\u00edm sk\u00f4r z toho stavu dosta\u0165. Napr. rozd\u00fdcha\u0165 to, doplni\u0165 energiu. Popr\u00edpade trochu zvolni\u0165&nbsp;k\u00fdm sa nezlep\u0161ia funkcie organizmu.<\/em><\/p>\n\n\n\n<p><strong><span class=\"has-inline-color has-utmr-blue-color\">Thank you Mari\u00e1n, see you in September!<\/span><\/strong><\/p>\n\n\n\n<div class=\"wp-block-jetpack-tiled-gallery aligncenter is-style-rectangular\"><div class=\"tiled-gallery__gallery\"><div class=\"tiled-gallery__row\"><div class=\"tiled-gallery__col\" style=\"flex-basis:37.05596622073289%\"><figure class=\"tiled-gallery__item\"><img decoding=\"async\" srcset=\"https:\/\/i0.wp.com\/www.ultratourmonterosa.com\/wp-content\/uploads\/2021\/02\/fit-styl-6-\u2013-kopia.jpg?strip=info&#038;w=600&#038;ssl=1 600w,https:\/\/i0.wp.com\/www.ultratourmonterosa.com\/wp-content\/uploads\/2021\/02\/fit-styl-6-\u2013-kopia.jpg?strip=info&#038;w=900&#038;ssl=1 900w,https:\/\/i0.wp.com\/www.ultratourmonterosa.com\/wp-content\/uploads\/2021\/02\/fit-styl-6-\u2013-kopia.jpg?strip=info&#038;w=1200&#038;ssl=1 1200w,https:\/\/i0.wp.com\/www.ultratourmonterosa.com\/wp-content\/uploads\/2021\/02\/fit-styl-6-\u2013-kopia.jpg?strip=info&#038;w=1500&#038;ssl=1 1500w,https:\/\/i0.wp.com\/www.ultratourmonterosa.com\/wp-content\/uploads\/2021\/02\/fit-styl-6-\u2013-kopia.jpg?strip=info&#038;w=1800&#038;ssl=1 1800w,https:\/\/i0.wp.com\/www.ultratourmonterosa.com\/wp-content\/uploads\/2021\/02\/fit-styl-6-\u2013-kopia.jpg?strip=info&#038;w=1980&#038;ssl=1 1980w\" alt=\"\" data-height=\"1114\" data-id=\"46195\" data-link=\"https:\/\/www.ultratourmonterosa.com\/?attachment_id=46195\" data-url=\"https:\/\/www.ultratourmonterosa.com\/wp-content\/uploads\/2021\/02\/fit-styl-6-\u2013-kopia.jpg\" data-width=\"1980\" src=\"https:\/\/i0.wp.com\/www.ultratourmonterosa.com\/wp-content\/uploads\/2021\/02\/fit-styl-6-\u2013-kopia.jpg?ssl=1\" layout=\"responsive\"\/><\/figure><figure class=\"tiled-gallery__item\"><img decoding=\"async\" srcset=\"https:\/\/i0.wp.com\/www.ultratourmonterosa.com\/wp-content\/uploads\/2021\/02\/fit-styl-1.jpg?strip=info&#038;w=600&#038;ssl=1 600w,https:\/\/i0.wp.com\/www.ultratourmonterosa.com\/wp-content\/uploads\/2021\/02\/fit-styl-1.jpg?strip=info&#038;w=900&#038;ssl=1 900w,https:\/\/i0.wp.com\/www.ultratourmonterosa.com\/wp-content\/uploads\/2021\/02\/fit-styl-1.jpg?strip=info&#038;w=1200&#038;ssl=1 1200w,https:\/\/i0.wp.com\/www.ultratourmonterosa.com\/wp-content\/uploads\/2021\/02\/fit-styl-1.jpg?strip=info&#038;w=1500&#038;ssl=1 1500w,https:\/\/i0.wp.com\/www.ultratourmonterosa.com\/wp-content\/uploads\/2021\/02\/fit-styl-1.jpg?strip=info&#038;w=1800&#038;ssl=1 1800w,https:\/\/i0.wp.com\/www.ultratourmonterosa.com\/wp-content\/uploads\/2021\/02\/fit-styl-1.jpg?strip=info&#038;w=1980&#038;ssl=1 1980w\" alt=\"\" data-height=\"1114\" data-id=\"46185\" data-link=\"https:\/\/www.ultratourmonterosa.com\/?attachment_id=46185\" data-url=\"https:\/\/www.ultratourmonterosa.com\/wp-content\/uploads\/2021\/02\/fit-styl-1.jpg\" data-width=\"1980\" src=\"https:\/\/i0.wp.com\/www.ultratourmonterosa.com\/wp-content\/uploads\/2021\/02\/fit-styl-1.jpg?ssl=1\" layout=\"responsive\"\/><\/figure><\/div><div class=\"tiled-gallery__col\" style=\"flex-basis:62.944033779267116%\"><figure class=\"tiled-gallery__item\"><img decoding=\"async\" srcset=\"https:\/\/i2.wp.com\/www.ultratourmonterosa.com\/wp-content\/uploads\/2021\/02\/fit-styl-3.jpg?strip=info&#038;w=600&#038;ssl=1 600w,https:\/\/i2.wp.com\/www.ultratourmonterosa.com\/wp-content\/uploads\/2021\/02\/fit-styl-3.jpg?strip=info&#038;w=900&#038;ssl=1 900w,https:\/\/i2.wp.com\/www.ultratourmonterosa.com\/wp-content\/uploads\/2021\/02\/fit-styl-3.jpg?strip=info&#038;w=1200&#038;ssl=1 1200w,https:\/\/i2.wp.com\/www.ultratourmonterosa.com\/wp-content\/uploads\/2021\/02\/fit-styl-3.jpg?strip=info&#038;w=1500&#038;ssl=1 1500w,https:\/\/i2.wp.com\/www.ultratourmonterosa.com\/wp-content\/uploads\/2021\/02\/fit-styl-3.jpg?strip=info&#038;w=1800&#038;ssl=1 1800w,https:\/\/i2.wp.com\/www.ultratourmonterosa.com\/wp-content\/uploads\/2021\/02\/fit-styl-3.jpg?strip=info&#038;w=1980&#038;ssl=1 1980w\" alt=\"\" data-height=\"1320\" data-id=\"46180\" data-link=\"https:\/\/www.ultratourmonterosa.com\/?attachment_id=46180\" data-url=\"https:\/\/www.ultratourmonterosa.com\/wp-content\/uploads\/2021\/02\/fit-styl-3.jpg\" data-width=\"1980\" src=\"https:\/\/i2.wp.com\/www.ultratourmonterosa.com\/wp-content\/uploads\/2021\/02\/fit-styl-3.jpg?ssl=1\" layout=\"responsive\"\/><\/figure><\/div><\/div><\/div><\/div>\n\n\n\n<p style=\"font-size:1px\"><strong><span class=\"has-inline-color has-utmr-blue-color\">And in Slovak!<\/span><\/strong><\/p>\n","protected":false},"excerpt":{"rendered":"<p>We were set to welcome elite runner, Mari\u00e1n Priadka, from the Slovak Ultra Trail Team to the 2020 edition of the 170&nbsp;km Ultra Tour! We&#8217;re really happy that he&#8217;ll try again for 2021. We asked him some questions to get to know a little more about him&#8230;. Q. Can you remember how you first heard [&hellip;]<\/p>\n","protected":false},"author":2,"featured_media":46190,"comment_status":"open","ping_status":"open","sticky":false,"template":"","format":"standard","meta":{"_acf_changed":false,"jetpack_post_was_ever_published":false,"_jetpack_newsletter_access":"","_jetpack_dont_email_post_to_subs":false,"_jetpack_newsletter_tier_id":0,"_jetpack_memberships_contains_paywalled_content":false,"_jetpack_memberships_contains_paid_content":false,"footnotes":"","_wp_rev_ctl_limit":""},"categories":[16],"tags":[],"class_list":["post-46174","post","type-post","status-publish","format-standard","has-post-thumbnail","hentry","category-blog"],"acf":[],"yoast_head":"<!-- This site is optimized with the Yoast SEO plugin v27.5 - https:\/\/yoast.com\/product\/yoast-seo-wordpress\/ -->\n<title>The Slovak Ultra Trail team again joins for the 170 km Ultra Trail - Ultra Tour Monte Rosa<\/title>\n<meta name=\"robots\" content=\"index, follow, max-snippet:-1, max-image-preview:large, max-video-preview:-1\" \/>\n<link rel=\"canonical\" href=\"https:\/\/www.ultratourmonterosa.com\/the-slovak-ultra-trail-team-again-joins-for-the-170-km-ultra-trail\/\" \/>\n<meta property=\"og:locale\" content=\"it_IT\" \/>\n<meta property=\"og:type\" content=\"article\" \/>\n<meta property=\"og:title\" content=\"The Slovak Ultra Trail team again joins for the 170 km Ultra Trail - Ultra Tour Monte Rosa\" \/>\n<meta property=\"og:description\" content=\"We were set to welcome elite runner, Mari\u00e1n Priadka, from the Slovak Ultra Trail Team to the 2020 edition of the 170&nbsp;km Ultra Tour! We&#8217;re really happy that he&#8217;ll try again for 2021. We asked him some questions to get to know a little more about him&#8230;. Q. Can you remember how you first heard [&hellip;]\" \/>\n<meta property=\"og:url\" content=\"https:\/\/www.ultratourmonterosa.com\/the-slovak-ultra-trail-team-again-joins-for-the-170-km-ultra-trail\/\" \/>\n<meta property=\"og:site_name\" content=\"Ultra Tour Monte Rosa\" \/>\n<meta property=\"article:publisher\" content=\"https:\/\/www.facebook.com\/UltraTourMonteRosa\/\" \/>\n<meta property=\"article:published_time\" content=\"2021-02-22T18:57:29+00:00\" \/>\n<meta property=\"article:modified_time\" content=\"2021-02-22T18:57:31+00:00\" \/>\n<meta property=\"og:image\" content=\"https:\/\/www.ultratourmonterosa.com\/wp-content\/uploads\/2021\/02\/fit-styl-5.jpg\" \/>\n\t<meta property=\"og:image:width\" content=\"1920\" \/>\n\t<meta property=\"og:image:height\" content=\"1280\" \/>\n\t<meta property=\"og:image:type\" content=\"image\/jpeg\" \/>\n<meta name=\"author\" content=\"Lizzy Hawker\" \/>\n<meta name=\"twitter:card\" content=\"summary_large_image\" \/>\n<meta name=\"twitter:creator\" content=\"@UltraMonteRosa\" \/>\n<meta name=\"twitter:site\" content=\"@UltraMonteRosa\" \/>\n<meta name=\"twitter:label1\" content=\"Scritto da\" \/>\n\t<meta name=\"twitter:data1\" content=\"Lizzy Hawker\" \/>\n\t<meta name=\"twitter:label2\" content=\"Tempo di lettura stimato\" \/>\n\t<meta name=\"twitter:data2\" content=\"4 minuti\" \/>\n<script type=\"application\/ld+json\" class=\"yoast-schema-graph\">{\"@context\":\"https:\\\/\\\/schema.org\",\"@graph\":[{\"@type\":\"Article\",\"@id\":\"https:\\\/\\\/www.ultratourmonterosa.com\\\/the-slovak-ultra-trail-team-again-joins-for-the-170-km-ultra-trail\\\/#article\",\"isPartOf\":{\"@id\":\"https:\\\/\\\/www.ultratourmonterosa.com\\\/the-slovak-ultra-trail-team-again-joins-for-the-170-km-ultra-trail\\\/\"},\"author\":{\"name\":\"Lizzy Hawker\",\"@id\":\"https:\\\/\\\/www.ultratourmonterosa.com\\\/#\\\/schema\\\/person\\\/72f7296afeceebba242f8f36428a79ac\"},\"headline\":\"The Slovak Ultra Trail team again joins for the 170 km Ultra Trail\",\"datePublished\":\"2021-02-22T18:57:29+00:00\",\"dateModified\":\"2021-02-22T18:57:31+00:00\",\"mainEntityOfPage\":{\"@id\":\"https:\\\/\\\/www.ultratourmonterosa.com\\\/the-slovak-ultra-trail-team-again-joins-for-the-170-km-ultra-trail\\\/\"},\"wordCount\":684,\"commentCount\":0,\"publisher\":{\"@id\":\"https:\\\/\\\/www.ultratourmonterosa.com\\\/#organization\"},\"image\":{\"@id\":\"https:\\\/\\\/www.ultratourmonterosa.com\\\/the-slovak-ultra-trail-team-again-joins-for-the-170-km-ultra-trail\\\/#primaryimage\"},\"thumbnailUrl\":\"https:\\\/\\\/www.ultratourmonterosa.com\\\/wp-content\\\/uploads\\\/2021\\\/02\\\/fit-styl-5.jpg\",\"articleSection\":[\"Blog\"],\"inLanguage\":\"it-IT\",\"potentialAction\":[{\"@type\":\"CommentAction\",\"name\":\"Comment\",\"target\":[\"https:\\\/\\\/www.ultratourmonterosa.com\\\/the-slovak-ultra-trail-team-again-joins-for-the-170-km-ultra-trail\\\/#respond\"]}]},{\"@type\":\"WebPage\",\"@id\":\"https:\\\/\\\/www.ultratourmonterosa.com\\\/the-slovak-ultra-trail-team-again-joins-for-the-170-km-ultra-trail\\\/\",\"url\":\"https:\\\/\\\/www.ultratourmonterosa.com\\\/the-slovak-ultra-trail-team-again-joins-for-the-170-km-ultra-trail\\\/\",\"name\":\"The Slovak Ultra Trail team again joins for the 170 km Ultra Trail - Ultra Tour Monte Rosa\",\"isPartOf\":{\"@id\":\"https:\\\/\\\/www.ultratourmonterosa.com\\\/#website\"},\"primaryImageOfPage\":{\"@id\":\"https:\\\/\\\/www.ultratourmonterosa.com\\\/the-slovak-ultra-trail-team-again-joins-for-the-170-km-ultra-trail\\\/#primaryimage\"},\"image\":{\"@id\":\"https:\\\/\\\/www.ultratourmonterosa.com\\\/the-slovak-ultra-trail-team-again-joins-for-the-170-km-ultra-trail\\\/#primaryimage\"},\"thumbnailUrl\":\"https:\\\/\\\/www.ultratourmonterosa.com\\\/wp-content\\\/uploads\\\/2021\\\/02\\\/fit-styl-5.jpg\",\"datePublished\":\"2021-02-22T18:57:29+00:00\",\"dateModified\":\"2021-02-22T18:57:31+00:00\",\"breadcrumb\":{\"@id\":\"https:\\\/\\\/www.ultratourmonterosa.com\\\/the-slovak-ultra-trail-team-again-joins-for-the-170-km-ultra-trail\\\/#breadcrumb\"},\"inLanguage\":\"it-IT\",\"potentialAction\":[{\"@type\":\"ReadAction\",\"target\":[\"https:\\\/\\\/www.ultratourmonterosa.com\\\/the-slovak-ultra-trail-team-again-joins-for-the-170-km-ultra-trail\\\/\"]}]},{\"@type\":\"ImageObject\",\"inLanguage\":\"it-IT\",\"@id\":\"https:\\\/\\\/www.ultratourmonterosa.com\\\/the-slovak-ultra-trail-team-again-joins-for-the-170-km-ultra-trail\\\/#primaryimage\",\"url\":\"https:\\\/\\\/www.ultratourmonterosa.com\\\/wp-content\\\/uploads\\\/2021\\\/02\\\/fit-styl-5.jpg\",\"contentUrl\":\"https:\\\/\\\/www.ultratourmonterosa.com\\\/wp-content\\\/uploads\\\/2021\\\/02\\\/fit-styl-5.jpg\",\"width\":1920,\"height\":1280},{\"@type\":\"BreadcrumbList\",\"@id\":\"https:\\\/\\\/www.ultratourmonterosa.com\\\/the-slovak-ultra-trail-team-again-joins-for-the-170-km-ultra-trail\\\/#breadcrumb\",\"itemListElement\":[{\"@type\":\"ListItem\",\"position\":1,\"name\":\"Home\",\"item\":\"https:\\\/\\\/www.ultratourmonterosa.com\\\/it\\\/\"},{\"@type\":\"ListItem\",\"position\":2,\"name\":\"The Slovak Ultra Trail team again joins for the 170 km Ultra Trail\"}]},{\"@type\":\"WebSite\",\"@id\":\"https:\\\/\\\/www.ultratourmonterosa.com\\\/#website\",\"url\":\"https:\\\/\\\/www.ultratourmonterosa.com\\\/\",\"name\":\"Ultra Tour Monte Rosa\",\"description\":\"3-6 September 2025\",\"publisher\":{\"@id\":\"https:\\\/\\\/www.ultratourmonterosa.com\\\/#organization\"},\"potentialAction\":[{\"@type\":\"SearchAction\",\"target\":{\"@type\":\"EntryPoint\",\"urlTemplate\":\"https:\\\/\\\/www.ultratourmonterosa.com\\\/?s={search_term_string}\"},\"query-input\":{\"@type\":\"PropertyValueSpecification\",\"valueRequired\":true,\"valueName\":\"search_term_string\"}}],\"inLanguage\":\"it-IT\"},{\"@type\":\"Organization\",\"@id\":\"https:\\\/\\\/www.ultratourmonterosa.com\\\/#organization\",\"name\":\"Ultra Tour Monte Rosa\",\"url\":\"https:\\\/\\\/www.ultratourmonterosa.com\\\/\",\"logo\":{\"@type\":\"ImageObject\",\"inLanguage\":\"it-IT\",\"@id\":\"https:\\\/\\\/www.ultratourmonterosa.com\\\/#\\\/schema\\\/logo\\\/image\\\/\",\"url\":\"https:\\\/\\\/www.ultratourmonterosa.com\\\/wp-content\\\/uploads\\\/2024\\\/09\\\/UTMR-logo-300px-1.png\",\"contentUrl\":\"https:\\\/\\\/www.ultratourmonterosa.com\\\/wp-content\\\/uploads\\\/2024\\\/09\\\/UTMR-logo-300px-1.png\",\"width\":300,\"height\":300,\"caption\":\"Ultra Tour Monte Rosa\"},\"image\":{\"@id\":\"https:\\\/\\\/www.ultratourmonterosa.com\\\/#\\\/schema\\\/logo\\\/image\\\/\"},\"sameAs\":[\"https:\\\/\\\/www.facebook.com\\\/UltraTourMonteRosa\\\/\",\"https:\\\/\\\/x.com\\\/UltraMonteRosa\"]},{\"@type\":\"Person\",\"@id\":\"https:\\\/\\\/www.ultratourmonterosa.com\\\/#\\\/schema\\\/person\\\/72f7296afeceebba242f8f36428a79ac\",\"name\":\"Lizzy Hawker\",\"image\":{\"@type\":\"ImageObject\",\"inLanguage\":\"it-IT\",\"@id\":\"https:\\\/\\\/secure.gravatar.com\\\/avatar\\\/49119c02999c60354d638c5c1aada8a77102334e3410f021d65889dcbdd4b281?s=96&d=mm&r=g\",\"url\":\"https:\\\/\\\/secure.gravatar.com\\\/avatar\\\/49119c02999c60354d638c5c1aada8a77102334e3410f021d65889dcbdd4b281?s=96&d=mm&r=g\",\"contentUrl\":\"https:\\\/\\\/secure.gravatar.com\\\/avatar\\\/49119c02999c60354d638c5c1aada8a77102334e3410f021d65889dcbdd4b281?s=96&d=mm&r=g\",\"caption\":\"Lizzy Hawker\"},\"sameAs\":[\"http:\\\/\\\/www.ultratourmonterosa.com\\\/\"],\"url\":\"https:\\\/\\\/www.ultratourmonterosa.com\\\/it\\\/author\\\/lizzy\\\/\"}]}<\/script>\n<!-- \/ Yoast SEO plugin. -->","yoast_head_json":{"title":"The Slovak Ultra Trail team again joins for the 170 km Ultra Trail - Ultra Tour Monte Rosa","robots":{"index":"index","follow":"follow","max-snippet":"max-snippet:-1","max-image-preview":"max-image-preview:large","max-video-preview":"max-video-preview:-1"},"canonical":"https:\/\/www.ultratourmonterosa.com\/the-slovak-ultra-trail-team-again-joins-for-the-170-km-ultra-trail\/","og_locale":"it_IT","og_type":"article","og_title":"The Slovak Ultra Trail team again joins for the 170 km Ultra Trail - Ultra Tour Monte Rosa","og_description":"We were set to welcome elite runner, Mari\u00e1n Priadka, from the Slovak Ultra Trail Team to the 2020 edition of the 170&nbsp;km Ultra Tour! We&#8217;re really happy that he&#8217;ll try again for 2021. We asked him some questions to get to know a little more about him&#8230;. Q. Can you remember how you first heard [&hellip;]","og_url":"https:\/\/www.ultratourmonterosa.com\/the-slovak-ultra-trail-team-again-joins-for-the-170-km-ultra-trail\/","og_site_name":"Ultra Tour Monte Rosa","article_publisher":"https:\/\/www.facebook.com\/UltraTourMonteRosa\/","article_published_time":"2021-02-22T18:57:29+00:00","article_modified_time":"2021-02-22T18:57:31+00:00","og_image":[{"width":1920,"height":1280,"url":"https:\/\/www.ultratourmonterosa.com\/wp-content\/uploads\/2021\/02\/fit-styl-5.jpg","type":"image\/jpeg"}],"author":"Lizzy Hawker","twitter_card":"summary_large_image","twitter_creator":"@UltraMonteRosa","twitter_site":"@UltraMonteRosa","twitter_misc":{"Scritto da":"Lizzy Hawker","Tempo di lettura stimato":"4 minuti"},"schema":{"@context":"https:\/\/schema.org","@graph":[{"@type":"Article","@id":"https:\/\/www.ultratourmonterosa.com\/the-slovak-ultra-trail-team-again-joins-for-the-170-km-ultra-trail\/#article","isPartOf":{"@id":"https:\/\/www.ultratourmonterosa.com\/the-slovak-ultra-trail-team-again-joins-for-the-170-km-ultra-trail\/"},"author":{"name":"Lizzy Hawker","@id":"https:\/\/www.ultratourmonterosa.com\/#\/schema\/person\/72f7296afeceebba242f8f36428a79ac"},"headline":"The Slovak Ultra Trail team again joins for the 170 km Ultra Trail","datePublished":"2021-02-22T18:57:29+00:00","dateModified":"2021-02-22T18:57:31+00:00","mainEntityOfPage":{"@id":"https:\/\/www.ultratourmonterosa.com\/the-slovak-ultra-trail-team-again-joins-for-the-170-km-ultra-trail\/"},"wordCount":684,"commentCount":0,"publisher":{"@id":"https:\/\/www.ultratourmonterosa.com\/#organization"},"image":{"@id":"https:\/\/www.ultratourmonterosa.com\/the-slovak-ultra-trail-team-again-joins-for-the-170-km-ultra-trail\/#primaryimage"},"thumbnailUrl":"https:\/\/www.ultratourmonterosa.com\/wp-content\/uploads\/2021\/02\/fit-styl-5.jpg","articleSection":["Blog"],"inLanguage":"it-IT","potentialAction":[{"@type":"CommentAction","name":"Comment","target":["https:\/\/www.ultratourmonterosa.com\/the-slovak-ultra-trail-team-again-joins-for-the-170-km-ultra-trail\/#respond"]}]},{"@type":"WebPage","@id":"https:\/\/www.ultratourmonterosa.com\/the-slovak-ultra-trail-team-again-joins-for-the-170-km-ultra-trail\/","url":"https:\/\/www.ultratourmonterosa.com\/the-slovak-ultra-trail-team-again-joins-for-the-170-km-ultra-trail\/","name":"The Slovak Ultra Trail team again joins for the 170 km Ultra Trail - Ultra Tour Monte Rosa","isPartOf":{"@id":"https:\/\/www.ultratourmonterosa.com\/#website"},"primaryImageOfPage":{"@id":"https:\/\/www.ultratourmonterosa.com\/the-slovak-ultra-trail-team-again-joins-for-the-170-km-ultra-trail\/#primaryimage"},"image":{"@id":"https:\/\/www.ultratourmonterosa.com\/the-slovak-ultra-trail-team-again-joins-for-the-170-km-ultra-trail\/#primaryimage"},"thumbnailUrl":"https:\/\/www.ultratourmonterosa.com\/wp-content\/uploads\/2021\/02\/fit-styl-5.jpg","datePublished":"2021-02-22T18:57:29+00:00","dateModified":"2021-02-22T18:57:31+00:00","breadcrumb":{"@id":"https:\/\/www.ultratourmonterosa.com\/the-slovak-ultra-trail-team-again-joins-for-the-170-km-ultra-trail\/#breadcrumb"},"inLanguage":"it-IT","potentialAction":[{"@type":"ReadAction","target":["https:\/\/www.ultratourmonterosa.com\/the-slovak-ultra-trail-team-again-joins-for-the-170-km-ultra-trail\/"]}]},{"@type":"ImageObject","inLanguage":"it-IT","@id":"https:\/\/www.ultratourmonterosa.com\/the-slovak-ultra-trail-team-again-joins-for-the-170-km-ultra-trail\/#primaryimage","url":"https:\/\/www.ultratourmonterosa.com\/wp-content\/uploads\/2021\/02\/fit-styl-5.jpg","contentUrl":"https:\/\/www.ultratourmonterosa.com\/wp-content\/uploads\/2021\/02\/fit-styl-5.jpg","width":1920,"height":1280},{"@type":"BreadcrumbList","@id":"https:\/\/www.ultratourmonterosa.com\/the-slovak-ultra-trail-team-again-joins-for-the-170-km-ultra-trail\/#breadcrumb","itemListElement":[{"@type":"ListItem","position":1,"name":"Home","item":"https:\/\/www.ultratourmonterosa.com\/it\/"},{"@type":"ListItem","position":2,"name":"The Slovak Ultra Trail team again joins for the 170 km Ultra Trail"}]},{"@type":"WebSite","@id":"https:\/\/www.ultratourmonterosa.com\/#website","url":"https:\/\/www.ultratourmonterosa.com\/","name":"Ultra Tour Monte Rosa","description":"3-6 September 2025","publisher":{"@id":"https:\/\/www.ultratourmonterosa.com\/#organization"},"potentialAction":[{"@type":"SearchAction","target":{"@type":"EntryPoint","urlTemplate":"https:\/\/www.ultratourmonterosa.com\/?s={search_term_string}"},"query-input":{"@type":"PropertyValueSpecification","valueRequired":true,"valueName":"search_term_string"}}],"inLanguage":"it-IT"},{"@type":"Organization","@id":"https:\/\/www.ultratourmonterosa.com\/#organization","name":"Ultra Tour Monte Rosa","url":"https:\/\/www.ultratourmonterosa.com\/","logo":{"@type":"ImageObject","inLanguage":"it-IT","@id":"https:\/\/www.ultratourmonterosa.com\/#\/schema\/logo\/image\/","url":"https:\/\/www.ultratourmonterosa.com\/wp-content\/uploads\/2024\/09\/UTMR-logo-300px-1.png","contentUrl":"https:\/\/www.ultratourmonterosa.com\/wp-content\/uploads\/2024\/09\/UTMR-logo-300px-1.png","width":300,"height":300,"caption":"Ultra Tour Monte Rosa"},"image":{"@id":"https:\/\/www.ultratourmonterosa.com\/#\/schema\/logo\/image\/"},"sameAs":["https:\/\/www.facebook.com\/UltraTourMonteRosa\/","https:\/\/x.com\/UltraMonteRosa"]},{"@type":"Person","@id":"https:\/\/www.ultratourmonterosa.com\/#\/schema\/person\/72f7296afeceebba242f8f36428a79ac","name":"Lizzy Hawker","image":{"@type":"ImageObject","inLanguage":"it-IT","@id":"https:\/\/secure.gravatar.com\/avatar\/49119c02999c60354d638c5c1aada8a77102334e3410f021d65889dcbdd4b281?s=96&d=mm&r=g","url":"https:\/\/secure.gravatar.com\/avatar\/49119c02999c60354d638c5c1aada8a77102334e3410f021d65889dcbdd4b281?s=96&d=mm&r=g","contentUrl":"https:\/\/secure.gravatar.com\/avatar\/49119c02999c60354d638c5c1aada8a77102334e3410f021d65889dcbdd4b281?s=96&d=mm&r=g","caption":"Lizzy Hawker"},"sameAs":["http:\/\/www.ultratourmonterosa.com\/"],"url":"https:\/\/www.ultratourmonterosa.com\/it\/author\/lizzy\/"}]}},"jetpack_featured_media_url":"https:\/\/www.ultratourmonterosa.com\/wp-content\/uploads\/2021\/02\/fit-styl-5.jpg","jetpack_shortlink":"https:\/\/wp.me\/p4DSVg-c0K","jetpack_sharing_enabled":true,"_links":{"self":[{"href":"https:\/\/www.ultratourmonterosa.com\/it\/wp-json\/wp\/v2\/posts\/46174","targetHints":{"allow":["GET"]}}],"collection":[{"href":"https:\/\/www.ultratourmonterosa.com\/it\/wp-json\/wp\/v2\/posts"}],"about":[{"href":"https:\/\/www.ultratourmonterosa.com\/it\/wp-json\/wp\/v2\/types\/post"}],"author":[{"embeddable":true,"href":"https:\/\/www.ultratourmonterosa.com\/it\/wp-json\/wp\/v2\/users\/2"}],"replies":[{"embeddable":true,"href":"https:\/\/www.ultratourmonterosa.com\/it\/wp-json\/wp\/v2\/comments?post=46174"}],"version-history":[{"count":4,"href":"https:\/\/www.ultratourmonterosa.com\/it\/wp-json\/wp\/v2\/posts\/46174\/revisions"}],"predecessor-version":[{"id":46430,"href":"https:\/\/www.ultratourmonterosa.com\/it\/wp-json\/wp\/v2\/posts\/46174\/revisions\/46430"}],"wp:featuredmedia":[{"embeddable":true,"href":"https:\/\/www.ultratourmonterosa.com\/it\/wp-json\/wp\/v2\/media\/46190"}],"wp:attachment":[{"href":"https:\/\/www.ultratourmonterosa.com\/it\/wp-json\/wp\/v2\/media?parent=46174"}],"wp:term":[{"taxonomy":"category","embeddable":true,"href":"https:\/\/www.ultratourmonterosa.com\/it\/wp-json\/wp\/v2\/categories?post=46174"},{"taxonomy":"post_tag","embeddable":true,"href":"https:\/\/www.ultratourmonterosa.com\/it\/wp-json\/wp\/v2\/tags?post=46174"}],"curies":[{"name":"wp","href":"https:\/\/api.w.org\/{rel}","templated":true}]}}